{"id":14481,"date":"2024-10-24T09:12:28","date_gmt":"2024-10-24T07:12:28","guid":{"rendered":"https:\/\/samon.com\/sem-categoria\/junte-se-a-samon-no-kvp-dagen-em-estocolmo\/"},"modified":"2025-02-04T10:41:54","modified_gmt":"2025-02-04T09:41:54","slug":"junte-se-a-samon-no-kvp-dagen-em-estocolmo","status":"publish","type":"post","link":"https:\/\/samon.com\/pt-pt\/noticias-pt-pt\/junte-se-a-samon-no-kvp-dagen-em-estocolmo\/","title":{"rendered":"Junte-se \u00e0 SAMON no KVP Dagen em Estocolmo"},"content":{"rendered":"\t\t<div data-elementor-type=\"wp-post\" data-elementor-id=\"14481\" class=\"elementor elementor-14481 elementor-14427\" data-elementor-post-type=\"post\">\n\t\t\t\t<div class=\"elementor-element elementor-element-b090383 e-flex e-con-boxed e-con e-parent\" data-id=\"b090383\" data-element_type=\"container\">\n\t\t\t\t\t<div class=\"e-con-inner\">\n\t\t\t\t<div class=\"elementor-element elementor-element-3b6b3aa elementor-widget__width-inherit elementor-widget elementor-widget-image\" data-id=\"3b6b3aa\" data-element_type=\"widget\" data-widget_type=\"image.default\">\n\t\t\t\t<div class=\"elementor-widget-container\">\n\t\t\t\t\t\t\t\t\t\t\t\t\t\t\t<img fetchpriority=\"high\" decoding=\"async\" width=\"1170\" height=\"878\" src=\"https:\/\/samon.com\/wp-content\/uploads\/2025\/02\/1700122068175.jpg\" class=\"attachment-full size-full wp-image-14421\" alt=\"\" srcset=\"https:\/\/samon.com\/wp-content\/uploads\/2025\/02\/1700122068175.jpg 1170w, https:\/\/samon.com\/wp-content\/uploads\/2025\/02\/1700122068175-300x225.jpg 300w, https:\/\/samon.com\/wp-content\/uploads\/2025\/02\/1700122068175-1024x768.jpg 1024w, https:\/\/samon.com\/wp-content\/uploads\/2025\/02\/1700122068175-768x576.jpg 768w\" sizes=\"(max-width: 1170px) 100vw, 1170px\" \/>\t\t\t\t\t\t\t\t\t\t\t\t\t\t\t<\/div>\n\t\t\t\t<\/div>\n\t\t\t\t\t<\/div>\n\t\t\t\t<\/div>\n\t\t<div class=\"elementor-element elementor-element-674c9e8 e-flex e-con-boxed e-con e-parent\" data-id=\"674c9e8\" data-element_type=\"container\">\n\t\t\t\t\t<div class=\"e-con-inner\">\n\t\t\t\t<div class=\"elementor-element elementor-element-5bce785 elementor-widget elementor-widget-heading\" data-id=\"5bce785\" data-element_type=\"widget\" data-widget_type=\"heading.default\">\n\t\t\t\t<div class=\"elementor-widget-container\">\n\t\t\t\t\t<h2 class=\"elementor-heading-title elementor-size-default\">Junte-se \u00e0 SAMON no KVP Dagen em Estocolmo<\/h2>\t\t\t\t<\/div>\n\t\t\t\t<\/div>\n\t\t\t\t\t<\/div>\n\t\t\t\t<\/div>\n\t\t<div class=\"elementor-element elementor-element-edc9914 e-flex e-con-boxed e-con e-parent\" data-id=\"edc9914\" data-element_type=\"container\">\n\t\t\t\t\t<div class=\"e-con-inner\">\n\t\t\t\t<div class=\"elementor-element elementor-element-cf3dabd elementor-widget elementor-widget-text-editor\" data-id=\"cf3dabd\" data-element_type=\"widget\" data-widget_type=\"text-editor.default\">\n\t\t\t\t<div class=\"elementor-widget-container\">\n\t\t\t\t\t\t\t\t\t<p>\u00c9 com grande satisfa\u00e7\u00e3o que anunciamos que, mais uma vez, a SAMON estar\u00e1 presente no KVP Dagen, a realizar-se no Kistam\u00e4ssan em Estocolmo, no dia 7 de novembro.<\/p>\n<p>Este evento constitui uma excelente oportunidade para explorar as mais recentes inova\u00e7\u00f5es na ind\u00fastria da refrigera\u00e7\u00e3o, e estamos entusiasmados por demonstrar a import\u00e2ncia crucial da dete\u00e7\u00e3o de gases refrigerantes na prote\u00e7\u00e3o de pessoas, propriedades e do ambiente.<\/p>\n<p>No nosso stand, ter\u00e1 a oportunidade de conhecer o nosso especialista da ind\u00fastria, que estar\u00e1 dispon\u00edvel para o orientar na sele\u00e7\u00e3o das solu\u00e7\u00f5es de dete\u00e7\u00e3o de gases refrigerantes mais adequadas \u00e0s suas necessidades espec\u00edficas. Quer a sua preocupa\u00e7\u00e3o seja a seguran\u00e7a, a conformidade regulamentar ou a efici\u00eancia operacional, temos \u00e0 sua disposi\u00e7\u00e3o os nossos detetores de gases refrigerantes premiados. <\/p>\n<p><strong>Por que raz\u00e3o \u00e9 importante a dete\u00e7\u00e3o de gases refrigerantes?<\/strong><\/p>\n<p>As fugas de gases refrigerantes podem representar s\u00e9rios riscos, n\u00e3o s\u00f3 para a sa\u00fade humana, mas tamb\u00e9m para o ambiente e para as opera\u00e7\u00f5es empresariais. Os gases perigosos provenientes de refrigerantes podem conduzir a acidentes, danos ambientais e n\u00e3o conformidade regulamentar, se n\u00e3o forem detetados atempadamente. \u00c9 por isso que dispor do sistema de dete\u00e7\u00e3o adequado \u00e9 essencial para garantir a seguran\u00e7a das suas instala\u00e7\u00f5es e de todos os que nelas se encontram.  <\/p>\n<p>Na SAMON, dedic\u00e1mos mais de 30 anos ao aperfei\u00e7oamento das nossas tecnologias de dete\u00e7\u00e3o de gases, a fim de proporcionar solu\u00e7\u00f5es que s\u00e3o Simplesmente Fi\u00e1veis. Os nossos produtos s\u00e3o concebidos para assegurar os mais elevados padr\u00f5es de seguran\u00e7a, oferecendo simultaneamente facilidade de utiliza\u00e7\u00e3o e integra\u00e7\u00e3o perfeita nos seus sistemas existentes. <\/p>\n<p><strong>Visite-nos no KVP Dagen<\/strong><\/p>\n<p>Se ainda n\u00e3o garantiu o seu bilhete gratuito, esta \u00e9 a altura ideal! <a href=\"https:\/\/skvp.se\/event\/besokare-kvp-dagen---2024-11-07\" target=\"_blank\" rel=\"noopener\"><em><strong>Clique nesta liga\u00e7\u00e3o<\/strong><\/em><\/a> para reservar o seu lugar no KVP Dagen.<\/p>\n<p>Aguardamos ansiosamente a sua visita ao nosso stand e a oportunidade de o ajudar a explorar como o sistema adequado de dete\u00e7\u00e3o de gases refrigerantes pode fazer toda a diferen\u00e7a.<\/p>\n<p>Estamos ansiosos por receb\u00ea-lo em Estocolmo no dia 7 de novembro!<\/p>\t\t\t\t\t\t\t\t<\/div>\n\t\t\t\t<\/div>\n\t\t\t\t\t<\/div>\n\t\t\t\t<\/div>\n\t\t\t\t<\/div>\n\t\t","protected":false},"excerpt":{"rendered":"<p>Junte-se \u00e0 SAMON no KVP Dagen em Estocolmo \u00c9 com grande satisfa\u00e7\u00e3o que anunciamos que, mais uma vez, a SAMON estar\u00e1 presente no KVP Dagen, a realizar-se no Kistam\u00e4ssan em Estocolmo, no dia 7 de novembro. Este evento constitui uma excelente oportunidade para explorar as mais recentes inova\u00e7\u00f5es na ind\u00fastria da refrigera\u00e7\u00e3o, e estamos entusiasmados [&hellip;]<\/p>\n","protected":false},"author":1,"featured_media":14424,"comment_status":"closed","ping_status":"closed","sticky":false,"template":"","format":"standard","meta":{"_monsterinsights_skip_tracking":false,"_monsterinsights_sitenote_active":false,"_monsterinsights_sitenote_note":"","_monsterinsights_sitenote_category":0,"footnotes":""},"categories":[373],"tags":[],"class_list":["post-14481","post","type-post","status-publish","format-standard","has-post-thumbnail","hentry","category-noticias-pt-pt"],"aioseo_notices":[],"_links":{"self":[{"href":"https:\/\/samon.com\/pt-pt\/wp-json\/wp\/v2\/posts\/14481","targetHints":{"allow":["GET"]}}],"collection":[{"href":"https:\/\/samon.com\/pt-pt\/wp-json\/wp\/v2\/posts"}],"about":[{"href":"https:\/\/samon.com\/pt-pt\/wp-json\/wp\/v2\/types\/post"}],"author":[{"embeddable":true,"href":"https:\/\/samon.com\/pt-pt\/wp-json\/wp\/v2\/users\/1"}],"replies":[{"embeddable":true,"href":"https:\/\/samon.com\/pt-pt\/wp-json\/wp\/v2\/comments?post=14481"}],"version-history":[{"count":2,"href":"https:\/\/samon.com\/pt-pt\/wp-json\/wp\/v2\/posts\/14481\/revisions"}],"predecessor-version":[{"id":14483,"href":"https:\/\/samon.com\/pt-pt\/wp-json\/wp\/v2\/posts\/14481\/revisions\/14483"}],"wp:featuredmedia":[{"embeddable":true,"href":"https:\/\/samon.com\/pt-pt\/wp-json\/wp\/v2\/media\/14424"}],"wp:attachment":[{"href":"https:\/\/samon.com\/pt-pt\/wp-json\/wp\/v2\/media?parent=14481"}],"wp:term":[{"taxonomy":"category","embeddable":true,"href":"https:\/\/samon.com\/pt-pt\/wp-json\/wp\/v2\/categories?post=14481"},{"taxonomy":"post_tag","embeddable":true,"href":"https:\/\/samon.com\/pt-pt\/wp-json\/wp\/v2\/tags?post=14481"}],"curies":[{"name":"wp","href":"https:\/\/api.w.org\/{rel}","templated":true}]}}