{"id":13159,"date":"2022-11-08T08:33:00","date_gmt":"2022-11-08T07:33:00","guid":{"rendered":"https:\/\/samon.com\/sem-categoria\/a-samon-participa-esta-semana-na-sifa-2022-em-lyon\/"},"modified":"2024-11-04T09:47:06","modified_gmt":"2024-11-04T08:47:06","slug":"a-samon-participa-esta-semana-na-sifa-2022-em-lyon","status":"publish","type":"post","link":"https:\/\/samon.com\/pt-pt\/noticias-pt-pt\/a-samon-participa-esta-semana-na-sifa-2022-em-lyon\/","title":{"rendered":"A SAMON participa esta semana na SIFA 2022 em Lyon"},"content":{"rendered":"\t\t<div data-elementor-type=\"wp-post\" data-elementor-id=\"13159\" class=\"elementor elementor-13159 elementor-5014\" data-elementor-post-type=\"post\">\n\t\t\t\t<div class=\"elementor-element elementor-element-6213778 e-flex e-con-boxed e-con e-parent\" data-id=\"6213778\" data-element_type=\"container\">\n\t\t\t\t\t<div class=\"e-con-inner\">\n\t\t\t\t<div class=\"elementor-element elementor-element-71fcff5 elementor-widget elementor-widget-image\" data-id=\"71fcff5\" data-element_type=\"widget\" data-widget_type=\"image.default\">\n\t\t\t\t<div class=\"elementor-widget-container\">\n\t\t\t\t\t\t\t\t\t\t\t\t\t\t\t<img fetchpriority=\"high\" decoding=\"async\" width=\"1200\" height=\"906\" src=\"https:\/\/samon.com\/wp-content\/uploads\/2024\/05\/SIFA-web.webp\" class=\"attachment-full size-full wp-image-13160\" alt=\"\" srcset=\"https:\/\/samon.com\/wp-content\/uploads\/2024\/05\/SIFA-web.webp 1200w, https:\/\/samon.com\/wp-content\/uploads\/2024\/05\/SIFA-web-300x227.webp 300w, https:\/\/samon.com\/wp-content\/uploads\/2024\/05\/SIFA-web-1024x773.webp 1024w, https:\/\/samon.com\/wp-content\/uploads\/2024\/05\/SIFA-web-768x580.webp 768w\" sizes=\"(max-width: 1200px) 100vw, 1200px\" \/>\t\t\t\t\t\t\t\t\t\t\t\t\t\t\t<\/div>\n\t\t\t\t<\/div>\n\t\t\t\t\t<\/div>\n\t\t\t\t<\/div>\n\t\t<div class=\"elementor-element elementor-element-3befbd8 e-flex e-con-boxed e-con e-parent\" data-id=\"3befbd8\" data-element_type=\"container\">\n\t\t\t\t\t<div class=\"e-con-inner\">\n\t\t\t\t<div class=\"elementor-element elementor-element-777c8c8 elementor-widget elementor-widget-heading\" data-id=\"777c8c8\" data-element_type=\"widget\" data-widget_type=\"heading.default\">\n\t\t\t\t<div class=\"elementor-widget-container\">\n\t\t\t\t\t<h2 class=\"elementor-heading-title elementor-size-default\">A SAMON participa esta semana na SIFA 2022 em Lyon<\/h2>\t\t\t\t<\/div>\n\t\t\t\t<\/div>\n\t\t\t\t\t<\/div>\n\t\t\t\t<\/div>\n\t\t<div class=\"elementor-element elementor-element-2cc5542 e-flex e-con-boxed e-con e-parent\" data-id=\"2cc5542\" data-element_type=\"container\">\n\t\t\t\t\t<div class=\"e-con-inner\">\n\t\t\t\t<div class=\"elementor-element elementor-element-0ff413c elementor-widget elementor-widget-text-editor\" data-id=\"0ff413c\" data-element_type=\"widget\" data-widget_type=\"text-editor.default\">\n\t\t\t\t<div class=\"elementor-widget-container\">\n\t\t\t\t\t\t\t\t\t<p>Esta semana a SAMON vai estar presente na exposi\u00e7\u00e3o SIFA na EUREXPO em Lyon, Fran\u00e7a.<\/p>\n<p>Passa pelo stand A07 e encontra os nossos funcion\u00e1rios especializados e recebe uma demonstra\u00e7\u00e3o do nosso novo <strong>detetor de g\u00e1s refrigerante GLACI\u00c4R MIDI<\/strong>.<\/p>\n<p>O SIFA estar\u00e1 aberto de 8 a 10. novembro de 2022. <\/p>\n<p>Estamos ansiosos por te ver.<\/p>\n\t\t\t\t\t\t\t\t<\/div>\n\t\t\t\t<\/div>\n\t\t\t\t\t<\/div>\n\t\t\t\t<\/div>\n\t\t<div class=\"elementor-element elementor-element-b132773 e-flex e-con-boxed e-con e-parent\" data-id=\"b132773\" data-element_type=\"container\">\n\t\t\t\t\t<div class=\"e-con-inner\">\n\t\t\t\t<div class=\"elementor-element elementor-element-df54be5 elementor-widget elementor-widget-spacer\" data-id=\"df54be5\" data-element_type=\"widget\" data-widget_type=\"spacer.default\">\n\t\t\t\t<div class=\"elementor-widget-container\">\n\t\t\t\t\t\t\t<div class=\"elementor-spacer\">\n\t\t\t<div class=\"elementor-spacer-inner\"><\/div>\n\t\t<\/div>\n\t\t\t\t\t\t<\/div>\n\t\t\t\t<\/div>\n\t\t\t\t\t<\/div>\n\t\t\t\t<\/div>\n\t\t\t\t<\/div>\n\t\t","protected":false},"excerpt":{"rendered":"<p>A SAMON participa esta semana na SIFA 2022 em Lyon Esta semana a SAMON vai estar presente na exposi\u00e7\u00e3o SIFA na EUREXPO em Lyon, Fran\u00e7a. Passa pelo stand A07 e encontra os nossos funcion\u00e1rios especializados e recebe uma demonstra\u00e7\u00e3o do nosso novo detetor de g\u00e1s refrigerante GLACI\u00c4R MIDI. O SIFA estar\u00e1 aberto de 8 a [&hellip;]<\/p>\n","protected":false},"author":1,"featured_media":13160,"comment_status":"closed","ping_status":"closed","sticky":false,"template":"","format":"standard","meta":{"_monsterinsights_skip_tracking":false,"_monsterinsights_sitenote_active":false,"_monsterinsights_sitenote_note":"","_monsterinsights_sitenote_category":0,"footnotes":""},"categories":[373],"tags":[],"class_list":["post-13159","post","type-post","status-publish","format-standard","has-post-thumbnail","hentry","category-noticias-pt-pt"],"aioseo_notices":[],"_links":{"self":[{"href":"https:\/\/samon.com\/pt-pt\/wp-json\/wp\/v2\/posts\/13159","targetHints":{"allow":["GET"]}}],"collection":[{"href":"https:\/\/samon.com\/pt-pt\/wp-json\/wp\/v2\/posts"}],"about":[{"href":"https:\/\/samon.com\/pt-pt\/wp-json\/wp\/v2\/types\/post"}],"author":[{"embeddable":true,"href":"https:\/\/samon.com\/pt-pt\/wp-json\/wp\/v2\/users\/1"}],"replies":[{"embeddable":true,"href":"https:\/\/samon.com\/pt-pt\/wp-json\/wp\/v2\/comments?post=13159"}],"version-history":[{"count":1,"href":"https:\/\/samon.com\/pt-pt\/wp-json\/wp\/v2\/posts\/13159\/revisions"}],"predecessor-version":[{"id":13161,"href":"https:\/\/samon.com\/pt-pt\/wp-json\/wp\/v2\/posts\/13159\/revisions\/13161"}],"wp:featuredmedia":[{"embeddable":true,"href":"https:\/\/samon.com\/pt-pt\/wp-json\/wp\/v2\/media\/13160"}],"wp:attachment":[{"href":"https:\/\/samon.com\/pt-pt\/wp-json\/wp\/v2\/media?parent=13159"}],"wp:term":[{"taxonomy":"category","embeddable":true,"href":"https:\/\/samon.com\/pt-pt\/wp-json\/wp\/v2\/categories?post=13159"},{"taxonomy":"post_tag","embeddable":true,"href":"https:\/\/samon.com\/pt-pt\/wp-json\/wp\/v2\/tags?post=13159"}],"curies":[{"name":"wp","href":"https:\/\/api.w.org\/{rel}","templated":true}]}}