{"id":13154,"date":"2022-11-15T08:51:00","date_gmt":"2022-11-15T07:51:00","guid":{"rendered":"https:\/\/samon.com\/sem-categoria\/a-samon-apresenta-o-novo-detetor-de-gas-refrigerante-glaciar-midi\/"},"modified":"2024-11-04T09:47:06","modified_gmt":"2024-11-04T08:47:06","slug":"a-samon-apresenta-o-novo-detetor-de-gas-refrigerante-glaciar-midi","status":"publish","type":"post","link":"https:\/\/samon.com\/pt-pt\/comunicados-de-imprensa\/a-samon-apresenta-o-novo-detetor-de-gas-refrigerante-glaciar-midi\/","title":{"rendered":"A SAMON apresenta o novo detetor de g\u00e1s refrigerante GLACI\u00c4R MIDI"},"content":{"rendered":"\t\t<div data-elementor-type=\"wp-post\" data-elementor-id=\"13154\" class=\"elementor elementor-13154 elementor-5020\" data-elementor-post-type=\"post\">\n\t\t\t\t<div class=\"elementor-element elementor-element-ebae6e3 e-flex e-con-boxed e-con e-parent\" data-id=\"ebae6e3\" data-element_type=\"container\">\n\t\t\t\t\t<div class=\"e-con-inner\">\n\t\t\t\t<div class=\"elementor-element elementor-element-2530ffe elementor-widget elementor-widget-image\" data-id=\"2530ffe\" data-element_type=\"widget\" data-widget_type=\"image.default\">\n\t\t\t\t<div class=\"elementor-widget-container\">\n\t\t\t\t\t\t\t\t\t\t\t\t\t\t\t<img fetchpriority=\"high\" decoding=\"async\" width=\"1920\" height=\"1080\" src=\"https:\/\/samon.com\/wp-content\/uploads\/2024\/05\/SAMON-Glaciar-Midi-3d.jpeg\" class=\"attachment-full size-full wp-image-13109\" alt=\"\" srcset=\"https:\/\/samon.com\/wp-content\/uploads\/2024\/05\/SAMON-Glaciar-Midi-3d.jpeg 1920w, https:\/\/samon.com\/wp-content\/uploads\/2024\/05\/SAMON-Glaciar-Midi-3d-300x169.jpeg 300w, https:\/\/samon.com\/wp-content\/uploads\/2024\/05\/SAMON-Glaciar-Midi-3d-1024x576.jpeg 1024w, https:\/\/samon.com\/wp-content\/uploads\/2024\/05\/SAMON-Glaciar-Midi-3d-768x432.jpeg 768w, https:\/\/samon.com\/wp-content\/uploads\/2024\/05\/SAMON-Glaciar-Midi-3d-1536x864.jpeg 1536w\" sizes=\"(max-width: 1920px) 100vw, 1920px\" \/>\t\t\t\t\t\t\t\t\t\t\t\t\t\t\t<\/div>\n\t\t\t\t<\/div>\n\t\t\t\t\t<\/div>\n\t\t\t\t<\/div>\n\t\t<div class=\"elementor-element elementor-element-19e2320 e-flex e-con-boxed e-con e-parent\" data-id=\"19e2320\" data-element_type=\"container\">\n\t\t\t\t\t<div class=\"e-con-inner\">\n\t\t\t\t<div class=\"elementor-element elementor-element-648b25e elementor-widget elementor-widget-heading\" data-id=\"648b25e\" data-element_type=\"widget\" data-widget_type=\"heading.default\">\n\t\t\t\t<div class=\"elementor-widget-container\">\n\t\t\t\t\t<h2 class=\"elementor-heading-title elementor-size-default\">A SAMON apresenta o novo detetor de g\u00e1s refrigerante GLACI\u00c4R MIDI<\/h2>\t\t\t\t<\/div>\n\t\t\t\t<\/div>\n\t\t\t\t\t<\/div>\n\t\t\t\t<\/div>\n\t\t<div class=\"elementor-element elementor-element-402c130 e-flex e-con-boxed e-con e-parent\" data-id=\"402c130\" data-element_type=\"container\">\n\t\t\t\t\t<div class=\"e-con-inner\">\n\t\t\t\t<div class=\"elementor-element elementor-element-d1d9a29 elementor-widget elementor-widget-text-editor\" data-id=\"d1d9a29\" data-element_type=\"widget\" data-widget_type=\"text-editor.default\">\n\t\t\t\t<div class=\"elementor-widget-container\">\n\t\t\t\t\t\t\t\t\t<p><b>COMUNICADO DE IMPRENSA: VELLINGE, SU\u00c9CIA \/ 14 de novembro de 2022  <\/b><\/p>\n<p>A SAMON AB introduziu o GLACIAR MIDI, o detetor de g\u00e1s refrigerante simplesmente fi\u00e1vel. Concebido para proteger o ambiente, proteger as pessoas e proteger os bens, o GLACIAR MIDI responde \u00e0s necessidades de cada utilizador atrav\u00e9s da sua gama de interfaces digitais e anal\u00f3gicas. <\/p>\n<p>Lan\u00e7ada na Chillventa, em Nuremberga, em outubro, a SAMON registou elevados n\u00edveis de interesse por parte de utilizadores novos e existentes dos seus produtos de dete\u00e7\u00e3o de gases refrigerantes.<\/p>\n<p>O GLACIAR MIDI \u00e9 adequado para a dete\u00e7\u00e3o de todos os gases refrigerantes, incluindo refrigerantes naturais como o CO2, o propano e o amon\u00edaco, bem como misturas de refrigerantes HFC e HFO.<\/p>\n<p>A nova aplica\u00e7\u00e3o SAMON permite uma configura\u00e7\u00e3o e manuten\u00e7\u00e3o simples dos detectores atrav\u00e9s de uma interface Bluetooth. O GLACIAR MIDI tamb\u00e9m inclui uma roda de servi\u00e7o anal\u00f3gica, permitindo aos utilizadores interagir com o seu detetor de g\u00e1s refrigerante sem necessitar de ferramentas especiais. <\/p>\n<p>Dzenkis Junuzovic, Diretor de I&amp;D da SAMON, afirmou: &#8220;Estou extremamente entusiasmado por revelar o GLACIAR MIDI aos nossos clientes. Dedic\u00e1mos a este desenvolvimento mais de 30 anos de experi\u00eancia e compet\u00eancia na dete\u00e7\u00e3o de gases refrigerantes. Este \u00e9 apenas o primeiro da s\u00e9rie GLACIAR, temos ainda mais para apoiar as ind\u00fastrias de refrigera\u00e7\u00e3o e ar condicionado. Fica atento a este espa\u00e7o!&#8221;<\/p>\n<p>A SAMON AB tem sede em Vellinge, na Su\u00e9cia, com escrit\u00f3rios em Espanha, Fran\u00e7a e Reino Unido, e faz parte do Alder Group, centrado na sustentabilidade e no impacto clim\u00e1tico.<\/p>\n\t\t\t\t\t\t\t\t<\/div>\n\t\t\t\t<\/div>\n\t\t\t\t\t<\/div>\n\t\t\t\t<\/div>\n\t\t<div class=\"elementor-element elementor-element-c35c217 e-flex e-con-boxed e-con e-parent\" data-id=\"c35c217\" data-element_type=\"container\">\n\t\t\t\t\t<div class=\"e-con-inner\">\n\t\t\t\t<div class=\"elementor-element elementor-element-c76326c elementor-widget elementor-widget-spacer\" data-id=\"c76326c\" data-element_type=\"widget\" data-widget_type=\"spacer.default\">\n\t\t\t\t<div class=\"elementor-widget-container\">\n\t\t\t\t\t\t\t<div class=\"elementor-spacer\">\n\t\t\t<div class=\"elementor-spacer-inner\"><\/div>\n\t\t<\/div>\n\t\t\t\t\t\t<\/div>\n\t\t\t\t<\/div>\n\t\t\t\t\t<\/div>\n\t\t\t\t<\/div>\n\t\t\t\t<\/div>\n\t\t","protected":false},"excerpt":{"rendered":"<p>A SAMON apresenta o novo detetor de g\u00e1s refrigerante GLACI\u00c4R MIDI COMUNICADO DE IMPRENSA: VELLINGE, SU\u00c9CIA \/ 14 de novembro de 2022 A SAMON AB introduziu o GLACIAR MIDI, o detetor de g\u00e1s refrigerante simplesmente fi\u00e1vel. Concebido para proteger o ambiente, proteger as pessoas e proteger os bens, o GLACIAR MIDI responde \u00e0s necessidades de [&hellip;]<\/p>\n","protected":false},"author":1,"featured_media":13109,"comment_status":"closed","ping_status":"closed","sticky":false,"template":"","format":"standard","meta":{"_monsterinsights_skip_tracking":false,"_monsterinsights_sitenote_active":false,"_monsterinsights_sitenote_note":"","_monsterinsights_sitenote_category":0,"footnotes":""},"categories":[372],"tags":[],"class_list":["post-13154","post","type-post","status-publish","format-standard","has-post-thumbnail","hentry","category-comunicados-de-imprensa"],"aioseo_notices":[],"_links":{"self":[{"href":"https:\/\/samon.com\/pt-pt\/wp-json\/wp\/v2\/posts\/13154","targetHints":{"allow":["GET"]}}],"collection":[{"href":"https:\/\/samon.com\/pt-pt\/wp-json\/wp\/v2\/posts"}],"about":[{"href":"https:\/\/samon.com\/pt-pt\/wp-json\/wp\/v2\/types\/post"}],"author":[{"embeddable":true,"href":"https:\/\/samon.com\/pt-pt\/wp-json\/wp\/v2\/users\/1"}],"replies":[{"embeddable":true,"href":"https:\/\/samon.com\/pt-pt\/wp-json\/wp\/v2\/comments?post=13154"}],"version-history":[{"count":1,"href":"https:\/\/samon.com\/pt-pt\/wp-json\/wp\/v2\/posts\/13154\/revisions"}],"predecessor-version":[{"id":13156,"href":"https:\/\/samon.com\/pt-pt\/wp-json\/wp\/v2\/posts\/13154\/revisions\/13156"}],"wp:featuredmedia":[{"embeddable":true,"href":"https:\/\/samon.com\/pt-pt\/wp-json\/wp\/v2\/media\/13109"}],"wp:attachment":[{"href":"https:\/\/samon.com\/pt-pt\/wp-json\/wp\/v2\/media?parent=13154"}],"wp:term":[{"taxonomy":"category","embeddable":true,"href":"https:\/\/samon.com\/pt-pt\/wp-json\/wp\/v2\/categories?post=13154"},{"taxonomy":"post_tag","embeddable":true,"href":"https:\/\/samon.com\/pt-pt\/wp-json\/wp\/v2\/tags?post=13154"}],"curies":[{"name":"wp","href":"https:\/\/api.w.org\/{rel}","templated":true}]}}