{"id":13132,"date":"2024-03-12T09:55:00","date_gmt":"2024-03-12T08:55:00","guid":{"rendered":"https:\/\/samon.com\/sem-categoria\/especialista-em-detecao-de-gases-refrigerantes-samon-expande-as-equipas-de-marketing-e-vendas-para-satisfazer-a-procura\/"},"modified":"2024-11-04T09:46:59","modified_gmt":"2024-11-04T08:46:59","slug":"especialista-em-detecao-de-gases-refrigerantes-samon-expande-as-equipas-de-marketing-e-vendas-para-satisfazer-a-procura","status":"publish","type":"post","link":"https:\/\/samon.com\/pt-pt\/noticias-pt-pt\/especialista-em-detecao-de-gases-refrigerantes-samon-expande-as-equipas-de-marketing-e-vendas-para-satisfazer-a-procura\/","title":{"rendered":"Especialista em dete\u00e7\u00e3o de gases refrigerantes SAMON expande as equipas de marketing e vendas para satisfazer a procura"},"content":{"rendered":"\t\t<div data-elementor-type=\"wp-post\" data-elementor-id=\"13132\" class=\"elementor elementor-13132 elementor-5087\" data-elementor-post-type=\"post\">\n\t\t\t\t<div class=\"elementor-element elementor-element-cb87cef e-flex e-con-boxed e-con e-parent\" data-id=\"cb87cef\" data-element_type=\"container\">\n\t\t\t\t\t<div class=\"e-con-inner\">\n\t\t\t\t<div class=\"elementor-element elementor-element-8ea31b8 elementor-widget elementor-widget-image\" data-id=\"8ea31b8\" data-element_type=\"widget\" data-widget_type=\"image.default\">\n\t\t\t\t<div class=\"elementor-widget-container\">\n\t\t\t\t\t\t\t\t\t\t\t\t\t\t\t<img fetchpriority=\"high\" decoding=\"async\" width=\"1920\" height=\"1440\" src=\"https:\/\/samon.com\/wp-content\/uploads\/2024\/04\/dominika-mateo-scaled-1.webp\" class=\"attachment-full size-full wp-image-1233\" alt=\"\" srcset=\"https:\/\/samon.com\/wp-content\/uploads\/2024\/04\/dominika-mateo-scaled-1.webp 1920w, https:\/\/samon.com\/wp-content\/uploads\/2024\/04\/dominika-mateo-scaled-1-300x225.webp 300w, https:\/\/samon.com\/wp-content\/uploads\/2024\/04\/dominika-mateo-scaled-1-1024x768.webp 1024w, https:\/\/samon.com\/wp-content\/uploads\/2024\/04\/dominika-mateo-scaled-1-768x576.webp 768w, https:\/\/samon.com\/wp-content\/uploads\/2024\/04\/dominika-mateo-scaled-1-1536x1152.webp 1536w\" sizes=\"(max-width: 1920px) 100vw, 1920px\" \/>\t\t\t\t\t\t\t\t\t\t\t\t\t\t\t<\/div>\n\t\t\t\t<\/div>\n\t\t\t\t\t<\/div>\n\t\t\t\t<\/div>\n\t\t<div class=\"elementor-element elementor-element-f920c05 e-flex e-con-boxed e-con e-parent\" data-id=\"f920c05\" data-element_type=\"container\">\n\t\t\t\t\t<div class=\"e-con-inner\">\n\t\t\t\t<div class=\"elementor-element elementor-element-bf86c9a elementor-widget elementor-widget-heading\" data-id=\"bf86c9a\" data-element_type=\"widget\" data-widget_type=\"heading.default\">\n\t\t\t\t<div class=\"elementor-widget-container\">\n\t\t\t\t\t<h2 class=\"elementor-heading-title elementor-size-default\">Especialista em dete\u00e7\u00e3o de gases refrigerantes SAMON expande as equipas de marketing e vendas para satisfazer a procura<\/h2>\t\t\t\t<\/div>\n\t\t\t\t<\/div>\n\t\t\t\t\t<\/div>\n\t\t\t\t<\/div>\n\t\t<div class=\"elementor-element elementor-element-c56cc7d e-flex e-con-boxed e-con e-parent\" data-id=\"c56cc7d\" data-element_type=\"container\">\n\t\t\t\t\t<div class=\"e-con-inner\">\n\t\t\t\t<div class=\"elementor-element elementor-element-f50734b elementor-widget elementor-widget-text-editor\" data-id=\"f50734b\" data-element_type=\"widget\" data-widget_type=\"text-editor.default\">\n\t\t\t\t<div class=\"elementor-widget-container\">\n\t\t\t\t\t\t\t\t\t<p>A SAMON fez duas novas nomea\u00e7\u00f5es nas suas equipas de marketing e vendas para ajudar a satisfazer a crescente procura dos clientes pelas suas solu\u00e7\u00f5es de dete\u00e7\u00e3o de gases refrigerantes. Na sequ\u00eancia do lan\u00e7amento de tr\u00eas novos produtos na sua gama de detectores de fugas de fluidos frigorig\u00e9neos da s\u00e9rie GLACI\u00c4R, a SAMON assistiu a uma expans\u00e3o da sua base de clientes na Europa e nos Estados Unidos e est\u00e1 empenhada em garantir n\u00edveis de apoio elevados e em continuar a introduzir novos detectores de g\u00e1s adaptados \u00e0s exig\u00eancias em evolu\u00e7\u00e3o da ind\u00fastria da refrigera\u00e7\u00e3o. <\/p>\n<p>Dominika L\u00f6rincov\u00e1 junta-se a n\u00f3s no papel fundamental de Gestora de Produto, localizada na sede da SAMON em Vellinge, Su\u00e9cia. Traz uma experi\u00eancia significativa na coordena\u00e7\u00e3o de projectos t\u00e9cnicos complexos, trabalhando internacionalmente com partes interessadas internas e externas para garantir a entrega de resultados que satisfa\u00e7am as exig\u00eancias dos clientes. <\/p>\n<p>&#8220;<em>Estou entusiasmada por me juntar \u00e0 SAMON e fazer parte da jornada de crescimento em que nos encontramos&#8221;,<\/em> diz Dominika. &#8220;A dete\u00e7\u00e3o de g\u00e1s \u00e9 uma \u00e1rea diversificada, e ser capaz de se concentrar nas exig\u00eancias espec\u00edficas da dete\u00e7\u00e3o de fugas de refrigerante \u00e9 uma excelente forma de garantir que, em vez de algo gen\u00e9rico que n\u00e3o se encaixa perfeitamente, os nossos clientes obt\u00eam verdadeiramente os produtos de que necessitam.&#8221; <\/p>\n<p>A SAMON tem o prazer de continuar a defender o papel das mulheres nas \u00e1reas STEM, com Dominika a juntar-se a Johanna Sepulveda Fajardo na assun\u00e7\u00e3o de fun\u00e7\u00f5es proeminentes de contacto com o exterior nas ind\u00fastrias de dete\u00e7\u00e3o de g\u00e1s e refrigera\u00e7\u00e3o.<\/p>\n<p>Johanna, Business Development Diretor Iberia, d\u00e1 as boas-vindas a Mateo Rios L\u00f3pez \u00e0 sua equipa na fun\u00e7\u00e3o de Key Account Manager para Espanha e Portugal. Ap\u00f3s os seus estudos de MBA, Mateo junta-se \u00e0 equipa comercial localizada no escrit\u00f3rio da SAMON em Madrid. <\/p>\n<p><em>&#8220;Juntar-me \u00e0 equipa SAMON \u00e9 uma oportunidade maravilhosa para mim. Sou apaixonado por desenvolver parcerias e rela\u00e7\u00f5es com os clientes que lhes proporcionem resultados reais&#8221;,<\/em> diz Mateo. &#8220;Como o nosso neg\u00f3cio tem crescido rapidamente em Espanha, estou ansioso por trabalhar em estreita colabora\u00e7\u00e3o com os nossos distribuidores e utilizadores finais e tornar-me um recurso de confian\u00e7a para eles.&#8221; <\/p>\n<p>A SAMON iniciou 2024 na AHR Expo em Chicago com o lan\u00e7amento do detetor de g\u00e1s GLACI\u00c4R X5 para refrigera\u00e7\u00e3o industrial, oferecendo um sensor NH3 revolucion\u00e1rio com uma vida \u00fatil de 5 anos e tecnologia de sensor duplo que permite a instala\u00e7\u00e3o de dois sensores num detetor. Est\u00e3o a ser desenvolvidos novos produtos para aumentar ainda mais a carteira de detectores de g\u00e1s refrigerante simplesmente fi\u00e1veis da SAMON. <\/p>\n\t\t\t\t\t\t\t\t<\/div>\n\t\t\t\t<\/div>\n\t\t\t\t\t<\/div>\n\t\t\t\t<\/div>\n\t\t<div class=\"elementor-element elementor-element-d78af89 e-flex e-con-boxed e-con e-parent\" data-id=\"d78af89\" data-element_type=\"container\">\n\t\t\t\t\t<div class=\"e-con-inner\">\n\t\t\t\t<div class=\"elementor-element elementor-element-a7b583d elementor-widget elementor-widget-spacer\" data-id=\"a7b583d\" data-element_type=\"widget\" data-widget_type=\"spacer.default\">\n\t\t\t\t<div class=\"elementor-widget-container\">\n\t\t\t\t\t\t\t<div class=\"elementor-spacer\">\n\t\t\t<div class=\"elementor-spacer-inner\"><\/div>\n\t\t<\/div>\n\t\t\t\t\t\t<\/div>\n\t\t\t\t<\/div>\n\t\t\t\t\t<\/div>\n\t\t\t\t<\/div>\n\t\t\t\t<\/div>\n\t\t","protected":false},"excerpt":{"rendered":"<p>Especialista em dete\u00e7\u00e3o de gases refrigerantes SAMON expande as equipas de marketing e vendas para satisfazer a procura A SAMON fez duas novas nomea\u00e7\u00f5es nas suas equipas de marketing e vendas para ajudar a satisfazer a crescente procura dos clientes pelas suas solu\u00e7\u00f5es de dete\u00e7\u00e3o de gases refrigerantes. Na sequ\u00eancia do lan\u00e7amento de tr\u00eas novos [&hellip;]<\/p>\n","protected":false},"author":1,"featured_media":13133,"comment_status":"closed","ping_status":"closed","sticky":false,"template":"","format":"standard","meta":{"_monsterinsights_skip_tracking":false,"_monsterinsights_sitenote_active":false,"_monsterinsights_sitenote_note":"","_monsterinsights_sitenote_category":0,"footnotes":""},"categories":[373],"tags":[],"class_list":["post-13132","post","type-post","status-publish","format-standard","has-post-thumbnail","hentry","category-noticias-pt-pt"],"aioseo_notices":[],"_links":{"self":[{"href":"https:\/\/samon.com\/pt-pt\/wp-json\/wp\/v2\/posts\/13132","targetHints":{"allow":["GET"]}}],"collection":[{"href":"https:\/\/samon.com\/pt-pt\/wp-json\/wp\/v2\/posts"}],"about":[{"href":"https:\/\/samon.com\/pt-pt\/wp-json\/wp\/v2\/types\/post"}],"author":[{"embeddable":true,"href":"https:\/\/samon.com\/pt-pt\/wp-json\/wp\/v2\/users\/1"}],"replies":[{"embeddable":true,"href":"https:\/\/samon.com\/pt-pt\/wp-json\/wp\/v2\/comments?post=13132"}],"version-history":[{"count":1,"href":"https:\/\/samon.com\/pt-pt\/wp-json\/wp\/v2\/posts\/13132\/revisions"}],"predecessor-version":[{"id":13134,"href":"https:\/\/samon.com\/pt-pt\/wp-json\/wp\/v2\/posts\/13132\/revisions\/13134"}],"wp:featuredmedia":[{"embeddable":true,"href":"https:\/\/samon.com\/pt-pt\/wp-json\/wp\/v2\/media\/13133"}],"wp:attachment":[{"href":"https:\/\/samon.com\/pt-pt\/wp-json\/wp\/v2\/media?parent=13132"}],"wp:term":[{"taxonomy":"category","embeddable":true,"href":"https:\/\/samon.com\/pt-pt\/wp-json\/wp\/v2\/categories?post=13132"},{"taxonomy":"post_tag","embeddable":true,"href":"https:\/\/samon.com\/pt-pt\/wp-json\/wp\/v2\/tags?post=13132"}],"curies":[{"name":"wp","href":"https:\/\/api.w.org\/{rel}","templated":true}]}}