{"id":13129,"date":"2024-04-22T09:59:00","date_gmt":"2024-04-22T07:59:00","guid":{"rendered":"https:\/\/samon.com\/sem-categoria\/o-glaciar-midi-da-samon-ganha-o-premio-acessorio-do-ano-nos-acr-news-awards-2024\/"},"modified":"2024-11-04T09:46:59","modified_gmt":"2024-11-04T08:46:59","slug":"o-glaciar-midi-da-samon-ganha-o-premio-acessorio-do-ano-nos-acr-news-awards-2024","status":"publish","type":"post","link":"https:\/\/samon.com\/pt-pt\/noticias-pt-pt\/o-glaciar-midi-da-samon-ganha-o-premio-acessorio-do-ano-nos-acr-news-awards-2024\/","title":{"rendered":"O GLACI\u00c4R MIDI da SAMON ganha o pr\u00e9mio &#8220;Acess\u00f3rio do Ano&#8221; nos ACR News Awards 2024"},"content":{"rendered":"\t\t<div data-elementor-type=\"wp-post\" data-elementor-id=\"13129\" class=\"elementor elementor-13129 elementor-5092\" data-elementor-post-type=\"post\">\n\t\t\t\t<div class=\"elementor-element elementor-element-5d35b08 e-flex e-con-boxed e-con e-parent\" data-id=\"5d35b08\" data-element_type=\"container\">\n\t\t\t\t\t<div class=\"e-con-inner\">\n\t\t\t\t<div class=\"elementor-element elementor-element-d4b9369 elementor-widget elementor-widget-image\" data-id=\"d4b9369\" data-element_type=\"widget\" data-widget_type=\"image.default\">\n\t\t\t\t<div class=\"elementor-widget-container\">\n\t\t\t\t\t\t\t\t\t\t\t\t\t\t\t<img fetchpriority=\"high\" decoding=\"async\" width=\"1200\" height=\"799\" src=\"https:\/\/samon.com\/wp-content\/uploads\/2024\/05\/ACRAwards24_132-kopi.jpg\" class=\"attachment-full size-full wp-image-5093\" alt=\"ACHR Awards - SAMON wins\" srcset=\"https:\/\/samon.com\/wp-content\/uploads\/2024\/05\/ACRAwards24_132-kopi.jpg 1200w, https:\/\/samon.com\/wp-content\/uploads\/2024\/05\/ACRAwards24_132-kopi-300x200.jpg 300w, https:\/\/samon.com\/wp-content\/uploads\/2024\/05\/ACRAwards24_132-kopi-1024x682.jpg 1024w, https:\/\/samon.com\/wp-content\/uploads\/2024\/05\/ACRAwards24_132-kopi-768x511.jpg 768w\" sizes=\"(max-width: 1200px) 100vw, 1200px\" \/>\t\t\t\t\t\t\t\t\t\t\t\t\t\t\t<\/div>\n\t\t\t\t<\/div>\n\t\t\t\t\t<\/div>\n\t\t\t\t<\/div>\n\t\t<div class=\"elementor-element elementor-element-2b2bd43 e-flex e-con-boxed e-con e-parent\" data-id=\"2b2bd43\" data-element_type=\"container\">\n\t\t\t\t\t<div class=\"e-con-inner\">\n\t\t\t\t<div class=\"elementor-element elementor-element-fec31fd elementor-widget elementor-widget-heading\" data-id=\"fec31fd\" data-element_type=\"widget\" data-widget_type=\"heading.default\">\n\t\t\t\t<div class=\"elementor-widget-container\">\n\t\t\t\t\t<h2 class=\"elementor-heading-title elementor-size-default\">O GLACI\u00c4R MIDI da SAMON ganha o pr\u00e9mio \"Acess\u00f3rio do Ano\" nos ACR News Awards 2024<\/h2>\t\t\t\t<\/div>\n\t\t\t\t<\/div>\n\t\t\t\t\t<\/div>\n\t\t\t\t<\/div>\n\t\t<div class=\"elementor-element elementor-element-2be22a8 e-flex e-con-boxed e-con e-parent\" data-id=\"2be22a8\" data-element_type=\"container\">\n\t\t\t\t\t<div class=\"e-con-inner\">\n\t\t\t\t<div class=\"elementor-element elementor-element-2f6d807 elementor-widget elementor-widget-text-editor\" data-id=\"2f6d807\" data-element_type=\"widget\" data-widget_type=\"text-editor.default\">\n\t\t\t\t<div class=\"elementor-widget-container\">\n\t\t\t\t\t\t\t\t\t<p>Estamos super entusiasmados por partilhar algumas not\u00edcias fant\u00e1sticas: O nosso <strong>GLACI\u00c4R MIDI<\/strong> acaba de ganhar o pr\u00e9mio <strong>&#8220;Acess\u00f3rio do Ano&#8221;<\/strong> nos <strong>ACR News Awards 2024<\/strong>, que se realizaram a 18 de abril no Plaisterers&#8217; Hall, em Londres. N\u00e3o foi apenas uma grande honra receber este pr\u00e9mio, mas t\u00ea-lo apresentado por Sir Tony Robinson tornou-o ainda mais especial. Para representar a SAMON no evento estava o Diretor de Vendas, Tobias Nilbert e Flemming Poulsen da nossa equipa de Marketing.  <\/p>\n<p>Este reconhecimento mostra realmente o trabalho \u00e1rduo e a dedica\u00e7\u00e3o da nossa equipa de I&amp;D e reflecte o nosso empenho em liderar o caminho na dete\u00e7\u00e3o de g\u00e1s refrigerante.<\/p>\n<p><strong>Porque \u00e9 que o GLACI\u00c4R MIDI \u00e9 t\u00e3o especial?<\/strong><\/p>\n<p>O <strong>GLACI\u00c4R MIDI<\/strong> n\u00e3o \u00e9 apenas mais um produto; \u00e9 um destaque no campo dos detectores de g\u00e1s refrigerante. Possui algumas carater\u00edsticas realmente inovadoras e um forte desempenho, concebido para satisfazer as duras exig\u00eancias da ind\u00fastria de refrigera\u00e7\u00e3o. <\/p>\n<p>V\u00ea aqui o que o distingue:<\/p>\n<p><strong>Simples de escolher:<\/strong><br \/>O <strong>GLACI\u00c4R MIDI<\/strong> pode ser configurado para detetar refrigerantes sint\u00e9ticos, como HFCs e HFOs, refrigerantes naturais, incluindo CO2, NH3 e propano (R290), e outros gases de hidrocarbonetos. Utiliz\u00e1mos a nossa profunda experi\u00eancia na dete\u00e7\u00e3o de gases para tornar poss\u00edvel a dete\u00e7\u00e3o de todos os refrigerantes mais utilizados com apenas 5 tipos de sensores diferentes. Isto faz com que seja realmente f\u00e1cil e simples escolher o detetor certo para o que quer que necessites.  <\/p>\n<p><strong>Concebido a pensar nos utilizadores:<\/strong><br \/>Aproveitando mais de 30 anos de experi\u00eancia no sector da refrigera\u00e7\u00e3o, concebemos o <strong>GLACI\u00c4R MIDI<\/strong> para satisfazer as necessidades de todos os utilizadores. Tem interfaces para instala\u00e7\u00e3o, configura\u00e7\u00e3o e manuten\u00e7\u00e3o a que podes aceder atrav\u00e9s de uma aplica\u00e7\u00e3o digital e de uma roda de servi\u00e7o anal\u00f3gica. Isto significa que podes utiliz\u00e1-lo em qualquer ambiente de refrigera\u00e7\u00e3o sem necessitar de ferramentas especiais.  <\/p>\n<p><strong>F\u00e1cil integra\u00e7\u00e3o em sistemas:<\/strong><br \/>O <strong>GLACI\u00c4R MIDI<\/strong> \u00e9 fornecido com v\u00e1rias op\u00e7\u00f5es de conetividade, facilitando a sua integra\u00e7\u00e3o em sistemas de controlo de refrigera\u00e7\u00e3o ou sistemas de gest\u00e3o de edif\u00edcios. Op\u00e7\u00f5es como Modbus, sa\u00edda anal\u00f3gica e contactos de rel\u00e9 s\u00e3o de s\u00e9rie, e foi concebido para ser f\u00e1cil de instalar com bucins estrategicamente colocados para uma cablagem acess\u00edvel. <\/p>\n<p><strong>Desempenho fi\u00e1vel:<\/strong><br \/>Na <strong>SAMON<\/strong>, compreendemos a import\u00e2ncia da fiabilidade e integr\u00e1mo-la em todos os aspectos do nosso trabalho. O <strong>GLACI\u00c4R MIDI<\/strong> foi concebido para ser resistente e fi\u00e1vel, perfeito para utiliza\u00e7\u00e3o em salas de m\u00e1quinas, c\u00e2maras frigor\u00edficas e at\u00e9 mesmo nos ambientes de refrigera\u00e7\u00e3o industrial mais exigentes. <\/p>\n<p><strong>Mais do que um simples pr\u00e9mio<\/strong><\/p>\n<p>Ganhar o pr\u00e9mio &#8220;Accessory of the Year&#8221; n\u00e3o \u00e9 apenas um trof\u00e9u; \u00e9 um grande impulso para a nossa equipa e um sinal de que a ind\u00fastria valoriza realmente o nosso trabalho \u00e1rduo.<\/p>\n<p>Um grande agradecimento \u00e0 nossa equipa de I&amp;D, cuja dedica\u00e7\u00e3o em ultrapassar os limites da tecnologia de dete\u00e7\u00e3o de g\u00e1s desde o in\u00edcio foi fundamental para o desenvolvimento de um produto que n\u00e3o s\u00f3 satisfaz como excede as expectativas da ind\u00fastria.<\/p>\n<p><strong>Olhando para o futuro<\/strong><\/p>\n<p>Inspirados por esta vit\u00f3ria, estamos mais empenhados do que nunca em continuar a inovar e a melhorar. O nosso objetivo \u00e9 n\u00e3o s\u00f3 acompanhar as necessidades actuais da ind\u00fastria, mas tamb\u00e9m mantermo-nos \u00e0 frente da curva, enfrentando os desafios futuros com solu\u00e7\u00f5es inteligentes e eficazes. <\/p>\n<p>Muito obrigado aos <strong>ACR News Awards<\/strong> por esta honra e a todos na <strong>SAMON<\/strong> pelo vosso trabalho \u00e1rduo e empenho. Vamos continuar a nossa jornada de inova\u00e7\u00e3o e lideran\u00e7a na ind\u00fastria! <\/p>\n<p>Agradecemos tamb\u00e9m a todos os nossos colegas e clientes da ind\u00fastria pelo seu apoio cont\u00ednuo e confian\u00e7a nos nossos produtos. Esperamos trazer-te ainda mais solu\u00e7\u00f5es de ponta e manter os mais elevados padr\u00f5es de seguran\u00e7a e efici\u00eancia de refrigera\u00e7\u00e3o. <\/p>\n\t\t\t\t\t\t\t\t<\/div>\n\t\t\t\t<\/div>\n\t\t\t\t\t<\/div>\n\t\t\t\t<\/div>\n\t\t<div class=\"elementor-element elementor-element-9a5b884 e-flex e-con-boxed e-con e-parent\" data-id=\"9a5b884\" data-element_type=\"container\">\n\t\t\t\t\t<div class=\"e-con-inner\">\n\t\t\t\t<div class=\"elementor-element elementor-element-f9c3909 elementor-widget elementor-widget-spacer\" data-id=\"f9c3909\" data-element_type=\"widget\" data-widget_type=\"spacer.default\">\n\t\t\t\t<div class=\"elementor-widget-container\">\n\t\t\t\t\t\t\t<div class=\"elementor-spacer\">\n\t\t\t<div class=\"elementor-spacer-inner\"><\/div>\n\t\t<\/div>\n\t\t\t\t\t\t<\/div>\n\t\t\t\t<\/div>\n\t\t\t\t\t<\/div>\n\t\t\t\t<\/div>\n\t\t\t\t<\/div>\n\t\t","protected":false},"excerpt":{"rendered":"<p>O GLACI\u00c4R MIDI da SAMON ganha o pr\u00e9mio &#8220;Acess\u00f3rio do Ano&#8221; nos ACR News Awards 2024 Estamos super entusiasmados por partilhar algumas not\u00edcias fant\u00e1sticas: O nosso GLACI\u00c4R MIDI acaba de ganhar o pr\u00e9mio &#8220;Acess\u00f3rio do Ano&#8221; nos ACR News Awards 2024, que se realizaram a 18 de abril no Plaisterers&#8217; Hall, em Londres. N\u00e3o foi [&hellip;]<\/p>\n","protected":false},"author":1,"featured_media":13130,"comment_status":"closed","ping_status":"closed","sticky":false,"template":"","format":"standard","meta":{"_monsterinsights_skip_tracking":false,"_monsterinsights_sitenote_active":false,"_monsterinsights_sitenote_note":"","_monsterinsights_sitenote_category":0,"footnotes":""},"categories":[373],"tags":[],"class_list":["post-13129","post","type-post","status-publish","format-standard","has-post-thumbnail","hentry","category-noticias-pt-pt"],"aioseo_notices":[],"_links":{"self":[{"href":"https:\/\/samon.com\/pt-pt\/wp-json\/wp\/v2\/posts\/13129","targetHints":{"allow":["GET"]}}],"collection":[{"href":"https:\/\/samon.com\/pt-pt\/wp-json\/wp\/v2\/posts"}],"about":[{"href":"https:\/\/samon.com\/pt-pt\/wp-json\/wp\/v2\/types\/post"}],"author":[{"embeddable":true,"href":"https:\/\/samon.com\/pt-pt\/wp-json\/wp\/v2\/users\/1"}],"replies":[{"embeddable":true,"href":"https:\/\/samon.com\/pt-pt\/wp-json\/wp\/v2\/comments?post=13129"}],"version-history":[{"count":1,"href":"https:\/\/samon.com\/pt-pt\/wp-json\/wp\/v2\/posts\/13129\/revisions"}],"predecessor-version":[{"id":13131,"href":"https:\/\/samon.com\/pt-pt\/wp-json\/wp\/v2\/posts\/13129\/revisions\/13131"}],"wp:featuredmedia":[{"embeddable":true,"href":"https:\/\/samon.com\/pt-pt\/wp-json\/wp\/v2\/media\/13130"}],"wp:attachment":[{"href":"https:\/\/samon.com\/pt-pt\/wp-json\/wp\/v2\/media?parent=13129"}],"wp:term":[{"taxonomy":"category","embeddable":true,"href":"https:\/\/samon.com\/pt-pt\/wp-json\/wp\/v2\/categories?post=13129"},{"taxonomy":"post_tag","embeddable":true,"href":"https:\/\/samon.com\/pt-pt\/wp-json\/wp\/v2\/tags?post=13129"}],"curies":[{"name":"wp","href":"https:\/\/api.w.org\/{rel}","templated":true}]}}