{"id":13072,"date":"2022-03-31T11:35:00","date_gmt":"2022-03-31T09:35:00","guid":{"rendered":"https:\/\/samon.com\/sem-categoria\/alder-ab-adquire-a-samon\/"},"modified":"2024-11-04T09:46:50","modified_gmt":"2024-11-04T08:46:50","slug":"alder-ab-adquire-a-samon","status":"publish","type":"post","link":"https:\/\/samon.com\/pt-pt\/comunicados-de-imprensa\/alder-ab-adquire-a-samon\/","title":{"rendered":"Alder AB adquire a SAMON"},"content":{"rendered":"\t\t<div data-elementor-type=\"wp-post\" data-elementor-id=\"13072\" class=\"elementor elementor-13072 elementor-5603\" data-elementor-post-type=\"post\">\n\t\t\t\t<div class=\"elementor-element elementor-element-2949b4d e-flex e-con-boxed e-con e-parent\" data-id=\"2949b4d\" data-element_type=\"container\">\n\t\t\t\t\t<div class=\"e-con-inner\">\n\t\t\t\t<div class=\"elementor-element elementor-element-4af50c7 elementor-widget elementor-widget-image\" data-id=\"4af50c7\" data-element_type=\"widget\" data-widget_type=\"image.default\">\n\t\t\t\t<div class=\"elementor-widget-container\">\n\t\t\t\t\t\t\t\t\t\t\t\t\t\t\t<img fetchpriority=\"high\" decoding=\"async\" width=\"1200\" height=\"765\" src=\"https:\/\/samon.com\/wp-content\/uploads\/2024\/06\/alder-samon.jpg\" class=\"attachment-full size-full wp-image-5604\" alt=\"\" srcset=\"https:\/\/samon.com\/wp-content\/uploads\/2024\/06\/alder-samon.jpg 1200w, https:\/\/samon.com\/wp-content\/uploads\/2024\/06\/alder-samon-300x191.jpg 300w, https:\/\/samon.com\/wp-content\/uploads\/2024\/06\/alder-samon-1024x653.jpg 1024w, https:\/\/samon.com\/wp-content\/uploads\/2024\/06\/alder-samon-768x490.jpg 768w\" sizes=\"(max-width: 1200px) 100vw, 1200px\" \/>\t\t\t\t\t\t\t\t\t\t\t\t\t\t\t<\/div>\n\t\t\t\t<\/div>\n\t\t\t\t\t<\/div>\n\t\t\t\t<\/div>\n\t\t<div class=\"elementor-element elementor-element-f001b30 e-flex e-con-boxed e-con e-parent\" data-id=\"f001b30\" data-element_type=\"container\">\n\t\t\t\t\t<div class=\"e-con-inner\">\n\t\t\t\t<div class=\"elementor-element elementor-element-0dfea19 elementor-widget elementor-widget-heading\" data-id=\"0dfea19\" data-element_type=\"widget\" data-widget_type=\"heading.default\">\n\t\t\t\t<div class=\"elementor-widget-container\">\n\t\t\t\t\t<h2 class=\"elementor-heading-title elementor-size-default\">Alder AB adquire a SAMON<\/h2>\t\t\t\t<\/div>\n\t\t\t\t<\/div>\n\t\t\t\t\t<\/div>\n\t\t\t\t<\/div>\n\t\t<div class=\"elementor-element elementor-element-00fd72a e-flex e-con-boxed e-con e-parent\" data-id=\"00fd72a\" data-element_type=\"container\">\n\t\t\t\t\t<div class=\"e-con-inner\">\n\t\t\t\t<div class=\"elementor-element elementor-element-d78fdb1 elementor-widget elementor-widget-text-editor\" data-id=\"d78fdb1\" data-element_type=\"widget\" data-widget_type=\"text-editor.default\">\n\t\t\t\t<div class=\"elementor-widget-container\">\n\t\t\t\t\t\t\t\t\t<p><em>Vellinge (Malm\u00f6), Su\u00e9cia &#8211; 18 de agosto de 2020<\/em><\/p>\n<p>\u00c9 com profundo prazer que hoje podemos anunciar que a Alder AB, um fundo de investimento n\u00f3rdico com sede em Estocolmo, adquiriu a SAMON AB, um fabricante l\u00edder mundial de solu\u00e7\u00f5es de dete\u00e7\u00e3o de g\u00e1s vendidas em todo o mundo.<\/p>\n<p>Com a Alder AB como acionista maiorit\u00e1rio, a Samon AB planeia acelerar a sua estrat\u00e9gia de expans\u00e3o internacional, j\u00e1 em r\u00e1pido crescimento.<\/p>\n<p>A SAMON AB tem um volume de neg\u00f3cios anual de cerca de 50 milh\u00f5es de coroas suecas. O pre\u00e7o de venda da SAMON AB n\u00e3o foi divulgado.  <\/p>\n<p>Como resultado da aquisi\u00e7\u00e3o, Jonas Sj\u00f6str\u00f6m, fundador (1990) e CEO da SAMON AB, continuar\u00e1 como CEO e acionista minorit\u00e1rio, juntamente com todo o grupo de gest\u00e3o que tamb\u00e9m investe na nova empresa.<\/p>\n<p>Ser\u00e3o necess\u00e1rios muitos novos recrutamentos para atingir os grandes objectivos fixados para o futuro.<\/p>\n<p><strong>Sobre a Alder<\/strong><br \/>Alder II AB \u00e9 um fundo de investimento n\u00f3rdico com o objetivo de criar as melhores condi\u00e7\u00f5es poss\u00edveis para o desenvolvimento a longo prazo de empresas tecnol\u00f3gicas sustent\u00e1veis. Com uma combina\u00e7\u00e3o de conhecimentos industriais e financeiros e com o interesse no empreendedorismo como for\u00e7a motriz, a Alder cria um crescimento rent\u00e1vel em estreita colabora\u00e7\u00e3o com as nossas empresas. Para mais informa\u00e7\u00f5es, visita www.alder.se.  <\/p>\n<p><strong>Sobre a SAMON AB<\/strong><br \/>A Samon desenvolve e fabrica produtos de dete\u00e7\u00e3o de gases para a ind\u00fastria de refrigera\u00e7\u00e3o e para o controlo baseado na procura da ventila\u00e7\u00e3o de garagens. A empresa disp\u00f5e de uma vasta gama de op\u00e7\u00f5es de dete\u00e7\u00e3o para os gases mais comuns, combinadas com solu\u00e7\u00f5es de controlo completas. A Samon tem uma vasta experi\u00eancia no fornecimento de sistemas econ\u00f3micos e na dete\u00e7\u00e3o segura de gases para aplica\u00e7\u00f5es terrestres e mar\u00edtimas. Para mais informa\u00e7\u00f5es, visita www.samon.se ou:   <\/p>\n<p>Jonas Sj\u00f6str\u00f6m, Diretor Executivo da Samon<br \/>Telem\u00f3vel: +46 70 575 49 33<br \/>jonas.sjostrom@samon.se<\/p>\n\t\t\t\t\t\t\t\t<\/div>\n\t\t\t\t<\/div>\n\t\t\t\t\t<\/div>\n\t\t\t\t<\/div>\n\t\t\t\t<\/div>\n\t\t","protected":false},"excerpt":{"rendered":"<p>Alder AB adquire a SAMON Vellinge (Malm\u00f6), Su\u00e9cia &#8211; 18 de agosto de 2020 \u00c9 com profundo prazer que hoje podemos anunciar que a Alder AB, um fundo de investimento n\u00f3rdico com sede em Estocolmo, adquiriu a SAMON AB, um fabricante l\u00edder mundial de solu\u00e7\u00f5es de dete\u00e7\u00e3o de g\u00e1s vendidas em todo o mundo. Com [&hellip;]<\/p>\n","protected":false},"author":1,"featured_media":13073,"comment_status":"closed","ping_status":"closed","sticky":false,"template":"","format":"standard","meta":{"_monsterinsights_skip_tracking":false,"_monsterinsights_sitenote_active":false,"_monsterinsights_sitenote_note":"","_monsterinsights_sitenote_category":0,"footnotes":""},"categories":[372],"tags":[],"class_list":["post-13072","post","type-post","status-publish","format-standard","has-post-thumbnail","hentry","category-comunicados-de-imprensa"],"aioseo_notices":[],"_links":{"self":[{"href":"https:\/\/samon.com\/pt-pt\/wp-json\/wp\/v2\/posts\/13072","targetHints":{"allow":["GET"]}}],"collection":[{"href":"https:\/\/samon.com\/pt-pt\/wp-json\/wp\/v2\/posts"}],"about":[{"href":"https:\/\/samon.com\/pt-pt\/wp-json\/wp\/v2\/types\/post"}],"author":[{"embeddable":true,"href":"https:\/\/samon.com\/pt-pt\/wp-json\/wp\/v2\/users\/1"}],"replies":[{"embeddable":true,"href":"https:\/\/samon.com\/pt-pt\/wp-json\/wp\/v2\/comments?post=13072"}],"version-history":[{"count":1,"href":"https:\/\/samon.com\/pt-pt\/wp-json\/wp\/v2\/posts\/13072\/revisions"}],"predecessor-version":[{"id":13074,"href":"https:\/\/samon.com\/pt-pt\/wp-json\/wp\/v2\/posts\/13072\/revisions\/13074"}],"wp:featuredmedia":[{"embeddable":true,"href":"https:\/\/samon.com\/pt-pt\/wp-json\/wp\/v2\/media\/13073"}],"wp:attachment":[{"href":"https:\/\/samon.com\/pt-pt\/wp-json\/wp\/v2\/media?parent=13072"}],"wp:term":[{"taxonomy":"category","embeddable":true,"href":"https:\/\/samon.com\/pt-pt\/wp-json\/wp\/v2\/categories?post=13072"},{"taxonomy":"post_tag","embeddable":true,"href":"https:\/\/samon.com\/pt-pt\/wp-json\/wp\/v2\/tags?post=13072"}],"curies":[{"name":"wp","href":"https:\/\/api.w.org\/{rel}","templated":true}]}}