{"id":11899,"date":"2022-08-08T08:14:16","date_gmt":"2022-08-08T06:14:16","guid":{"rendered":"https:\/\/samon.com\/non-classifiee\/samon-emploie-flemming-poulsen-en-tant-que-coordinateur-du-marketing-et-du-contenu\/"},"modified":"2024-10-23T14:46:58","modified_gmt":"2024-10-23T12:46:58","slug":"samon-emploie-flemming-poulsen-en-tant-que-coordinateur-du-marketing-et-du-contenu","status":"publish","type":"post","link":"https:\/\/samon.com\/fr\/actualites\/samon-emploie-flemming-poulsen-en-tant-que-coordinateur-du-marketing-et-du-contenu\/","title":{"rendered":"SAMON emploie Flemming Poulsen en tant que coordinateur du marketing et du contenu"},"content":{"rendered":"\t\t<div data-elementor-type=\"wp-post\" data-elementor-id=\"11899\" class=\"elementor elementor-11899 elementor-4985\" data-elementor-post-type=\"post\">\n\t\t\t\t<div class=\"elementor-element elementor-element-263b716 e-flex e-con-boxed e-con e-parent\" data-id=\"263b716\" data-element_type=\"container\">\n\t\t\t\t\t<div class=\"e-con-inner\">\n\t\t\t\t<div class=\"elementor-element elementor-element-cf6ef65 elementor-widget elementor-widget-image\" data-id=\"cf6ef65\" data-element_type=\"widget\" data-widget_type=\"image.default\">\n\t\t\t\t<div class=\"elementor-widget-container\">\n\t\t\t\t\t\t\t\t\t\t\t\t\t\t\t<img fetchpriority=\"high\" decoding=\"async\" width=\"1200\" height=\"799\" src=\"https:\/\/samon.com\/wp-content\/uploads\/2024\/05\/tobias-flemming-samon.webp\" class=\"attachment-full size-full wp-image-4988\" alt=\"\" srcset=\"https:\/\/samon.com\/wp-content\/uploads\/2024\/05\/tobias-flemming-samon.webp 1200w, https:\/\/samon.com\/wp-content\/uploads\/2024\/05\/tobias-flemming-samon-300x200.webp 300w, https:\/\/samon.com\/wp-content\/uploads\/2024\/05\/tobias-flemming-samon-1024x682.webp 1024w, https:\/\/samon.com\/wp-content\/uploads\/2024\/05\/tobias-flemming-samon-768x511.webp 768w\" sizes=\"(max-width: 1200px) 100vw, 1200px\" \/>\t\t\t\t\t\t\t\t\t\t\t\t\t\t\t<\/div>\n\t\t\t\t<\/div>\n\t\t\t\t\t<\/div>\n\t\t\t\t<\/div>\n\t\t<div class=\"elementor-element elementor-element-b999c53 e-flex e-con-boxed e-con e-parent\" data-id=\"b999c53\" data-element_type=\"container\">\n\t\t\t\t\t<div class=\"e-con-inner\">\n\t\t\t\t<div class=\"elementor-element elementor-element-c4e1db7 elementor-widget elementor-widget-heading\" data-id=\"c4e1db7\" data-element_type=\"widget\" data-widget_type=\"heading.default\">\n\t\t\t\t<div class=\"elementor-widget-container\">\n\t\t\t\t\t<h2 class=\"elementor-heading-title elementor-size-default\">SAMON emploie Flemming Poulsen en tant que coordinateur du marketing et du contenu<\/h2>\t\t\t\t<\/div>\n\t\t\t\t<\/div>\n\t\t\t\t\t<\/div>\n\t\t\t\t<\/div>\n\t\t<div class=\"elementor-element elementor-element-0f6b92c e-flex e-con-boxed e-con e-parent\" data-id=\"0f6b92c\" data-element_type=\"container\">\n\t\t\t\t\t<div class=\"e-con-inner\">\n\t\t\t\t<div class=\"elementor-element elementor-element-e7a8d8f elementor-widget elementor-widget-text-editor\" data-id=\"e7a8d8f\" data-element_type=\"widget\" data-widget_type=\"text-editor.default\">\n\t\t\t\t<div class=\"elementor-widget-container\">\n\t\t\t\t\t\t\t\t\t<p><span lang=\"en-US\">Flemming sera responsable de notre site web, des foires commerciales et du marketing en g\u00e9n\u00e9ral. Il poss\u00e8de une vaste exp\u00e9rience en mati\u00e8re de marketing, de d\u00e9veloppement web, de relations publiques et de m\u00e9dias sociaux dans plusieurs secteurs d&rsquo;activit\u00e9, ainsi qu&rsquo;en tant que journaliste et r\u00e9dacteur en chef. <\/span><\/p>\n<p><span lang=\"en-US\">Avec cette nouvelle embauche, SAMON renforce consid\u00e9rablement son marketing dans le cadre de sa strat\u00e9gie de croissance.<\/span><\/p>\n<p><span lang=\"en-US\">Tobias Nilbert, directeur des ventes de SAMON : <em>\u00ab\u00a0Je suis tr\u00e8s heureux d&rsquo;accueillir Flemming dans notre \u00e9quipe au si\u00e8ge de Vellinge. Gr\u00e2ce \u00e0 sa grande expertise et \u00e0 son exp\u00e9rience, il sera un compl\u00e9ment tr\u00e8s utile \u00e0 l&rsquo;\u00e9quipe SAMON\u00a0\u00bb.<\/em><\/span><\/p>\n<p><span lang=\"en-US\">Bienvenue dans la famille SAMON<\/span><\/p>\n\t\t\t\t\t\t\t\t<\/div>\n\t\t\t\t<\/div>\n\t\t\t\t\t<\/div>\n\t\t\t\t<\/div>\n\t\t<div class=\"elementor-element elementor-element-86643ae e-flex e-con-boxed e-con e-parent\" data-id=\"86643ae\" data-element_type=\"container\">\n\t\t\t\t\t<div class=\"e-con-inner\">\n\t\t\t\t<div class=\"elementor-element elementor-element-1c3c19d elementor-widget elementor-widget-spacer\" data-id=\"1c3c19d\" data-element_type=\"widget\" data-widget_type=\"spacer.default\">\n\t\t\t\t<div class=\"elementor-widget-container\">\n\t\t\t\t\t\t\t<div class=\"elementor-spacer\">\n\t\t\t<div class=\"elementor-spacer-inner\"><\/div>\n\t\t<\/div>\n\t\t\t\t\t\t<\/div>\n\t\t\t\t<\/div>\n\t\t\t\t\t<\/div>\n\t\t\t\t<\/div>\n\t\t\t\t<\/div>\n\t\t","protected":false},"excerpt":{"rendered":"<p>SAMON emploie Flemming Poulsen en tant que coordinateur du marketing et du contenu Flemming sera responsable de notre site web, des foires commerciales et du marketing en g\u00e9n\u00e9ral. Il poss\u00e8de une vaste exp\u00e9rience en mati\u00e8re de marketing, de d\u00e9veloppement web, de relations publiques et de m\u00e9dias sociaux dans plusieurs secteurs d&rsquo;activit\u00e9, ainsi qu&rsquo;en tant que [&hellip;]<\/p>\n","protected":false},"author":1,"featured_media":11900,"comment_status":"closed","ping_status":"closed","sticky":false,"template":"","format":"standard","meta":{"_monsterinsights_skip_tracking":false,"_monsterinsights_sitenote_active":false,"_monsterinsights_sitenote_note":"","_monsterinsights_sitenote_category":0,"footnotes":""},"categories":[275],"tags":[],"class_list":["post-11899","post","type-post","status-publish","format-standard","has-post-thumbnail","hentry","category-actualites"],"aioseo_notices":[],"_links":{"self":[{"href":"https:\/\/samon.com\/fr\/wp-json\/wp\/v2\/posts\/11899","targetHints":{"allow":["GET"]}}],"collection":[{"href":"https:\/\/samon.com\/fr\/wp-json\/wp\/v2\/posts"}],"about":[{"href":"https:\/\/samon.com\/fr\/wp-json\/wp\/v2\/types\/post"}],"author":[{"embeddable":true,"href":"https:\/\/samon.com\/fr\/wp-json\/wp\/v2\/users\/1"}],"replies":[{"embeddable":true,"href":"https:\/\/samon.com\/fr\/wp-json\/wp\/v2\/comments?post=11899"}],"version-history":[{"count":1,"href":"https:\/\/samon.com\/fr\/wp-json\/wp\/v2\/posts\/11899\/revisions"}],"predecessor-version":[{"id":11901,"href":"https:\/\/samon.com\/fr\/wp-json\/wp\/v2\/posts\/11899\/revisions\/11901"}],"wp:featuredmedia":[{"embeddable":true,"href":"https:\/\/samon.com\/fr\/wp-json\/wp\/v2\/media\/11900"}],"wp:attachment":[{"href":"https:\/\/samon.com\/fr\/wp-json\/wp\/v2\/media?parent=11899"}],"wp:term":[{"taxonomy":"category","embeddable":true,"href":"https:\/\/samon.com\/fr\/wp-json\/wp\/v2\/categories?post=11899"},{"taxonomy":"post_tag","embeddable":true,"href":"https:\/\/samon.com\/fr\/wp-json\/wp\/v2\/tags?post=11899"}],"curies":[{"name":"wp","href":"https:\/\/api.w.org\/{rel}","templated":true}]}}