{"id":11873,"date":"2022-11-08T08:33:00","date_gmt":"2022-11-08T07:33:00","guid":{"rendered":"https:\/\/samon.com\/non-classifiee\/samon-participe-au-sifa-2022-a-lyon-cette-semaine\/"},"modified":"2024-10-23T14:46:58","modified_gmt":"2024-10-23T12:46:58","slug":"samon-participe-au-sifa-2022-a-lyon-cette-semaine","status":"publish","type":"post","link":"https:\/\/samon.com\/fr\/actualites\/samon-participe-au-sifa-2022-a-lyon-cette-semaine\/","title":{"rendered":"SAMON participe au SIFA 2022 \u00e0 Lyon cette semaine"},"content":{"rendered":"\t\t<div data-elementor-type=\"wp-post\" data-elementor-id=\"11873\" class=\"elementor elementor-11873 elementor-5014\" data-elementor-post-type=\"post\">\n\t\t\t\t<div class=\"elementor-element elementor-element-6213778 e-flex e-con-boxed e-con e-parent\" data-id=\"6213778\" data-element_type=\"container\">\n\t\t\t\t\t<div class=\"e-con-inner\">\n\t\t\t\t<div class=\"elementor-element elementor-element-71fcff5 elementor-widget elementor-widget-image\" data-id=\"71fcff5\" data-element_type=\"widget\" data-widget_type=\"image.default\">\n\t\t\t\t<div class=\"elementor-widget-container\">\n\t\t\t\t\t\t\t\t\t\t\t\t\t\t\t<img fetchpriority=\"high\" decoding=\"async\" width=\"1200\" height=\"906\" src=\"https:\/\/samon.com\/wp-content\/uploads\/2024\/05\/SIFA-web.webp\" class=\"attachment-full size-full wp-image-5015\" alt=\"SAMON exhibits at SIFA in France\" srcset=\"https:\/\/samon.com\/wp-content\/uploads\/2024\/05\/SIFA-web.webp 1200w, https:\/\/samon.com\/wp-content\/uploads\/2024\/05\/SIFA-web-300x227.webp 300w, https:\/\/samon.com\/wp-content\/uploads\/2024\/05\/SIFA-web-1024x773.webp 1024w, https:\/\/samon.com\/wp-content\/uploads\/2024\/05\/SIFA-web-768x580.webp 768w\" sizes=\"(max-width: 1200px) 100vw, 1200px\" \/>\t\t\t\t\t\t\t\t\t\t\t\t\t\t\t<\/div>\n\t\t\t\t<\/div>\n\t\t\t\t\t<\/div>\n\t\t\t\t<\/div>\n\t\t<div class=\"elementor-element elementor-element-3befbd8 e-flex e-con-boxed e-con e-parent\" data-id=\"3befbd8\" data-element_type=\"container\">\n\t\t\t\t\t<div class=\"e-con-inner\">\n\t\t\t\t<div class=\"elementor-element elementor-element-777c8c8 elementor-widget elementor-widget-heading\" data-id=\"777c8c8\" data-element_type=\"widget\" data-widget_type=\"heading.default\">\n\t\t\t\t<div class=\"elementor-widget-container\">\n\t\t\t\t\t<h2 class=\"elementor-heading-title elementor-size-default\">SAMON participe au SIFA 2022 \u00e0 Lyon cette semaine<\/h2>\t\t\t\t<\/div>\n\t\t\t\t<\/div>\n\t\t\t\t\t<\/div>\n\t\t\t\t<\/div>\n\t\t<div class=\"elementor-element elementor-element-2cc5542 e-flex e-con-boxed e-con e-parent\" data-id=\"2cc5542\" data-element_type=\"container\">\n\t\t\t\t\t<div class=\"e-con-inner\">\n\t\t\t\t<div class=\"elementor-element elementor-element-0ff413c elementor-widget elementor-widget-text-editor\" data-id=\"0ff413c\" data-element_type=\"widget\" data-widget_type=\"text-editor.default\">\n\t\t\t\t<div class=\"elementor-widget-container\">\n\t\t\t\t\t\t\t\t\t<p>Cette semaine, SAMON participera \u00e0 l&rsquo;exposition SIFA \u00e0 EUREXPO \u00e0 Lyon, en France.<\/p>\n<p>Arr\u00eatez-vous au stand A07 pour rencontrer nos experts et assister \u00e0 une d\u00e9monstration de notre tout nouveau <strong>d\u00e9tecteur de gaz r\u00e9frig\u00e9rant GLACI\u00c4R MIDI.<\/strong><\/p>\n<p>SIFA sera ouvert du 8 au 10. Novembre 2022. <\/p>\n<p>Nous nous r\u00e9jouissons de vous rencontrer.<\/p>\n\t\t\t\t\t\t\t\t<\/div>\n\t\t\t\t<\/div>\n\t\t\t\t\t<\/div>\n\t\t\t\t<\/div>\n\t\t<div class=\"elementor-element elementor-element-b132773 e-flex e-con-boxed e-con e-parent\" data-id=\"b132773\" data-element_type=\"container\">\n\t\t\t\t\t<div class=\"e-con-inner\">\n\t\t\t\t<div class=\"elementor-element elementor-element-df54be5 elementor-widget elementor-widget-spacer\" data-id=\"df54be5\" data-element_type=\"widget\" data-widget_type=\"spacer.default\">\n\t\t\t\t<div class=\"elementor-widget-container\">\n\t\t\t\t\t\t\t<div class=\"elementor-spacer\">\n\t\t\t<div class=\"elementor-spacer-inner\"><\/div>\n\t\t<\/div>\n\t\t\t\t\t\t<\/div>\n\t\t\t\t<\/div>\n\t\t\t\t\t<\/div>\n\t\t\t\t<\/div>\n\t\t\t\t<\/div>\n\t\t","protected":false},"excerpt":{"rendered":"<p>SAMON participe au SIFA 2022 \u00e0 Lyon cette semaine Cette semaine, SAMON participera \u00e0 l&rsquo;exposition SIFA \u00e0 EUREXPO \u00e0 Lyon, en France. Arr\u00eatez-vous au stand A07 pour rencontrer nos experts et assister \u00e0 une d\u00e9monstration de notre tout nouveau d\u00e9tecteur de gaz r\u00e9frig\u00e9rant GLACI\u00c4R MIDI. SIFA sera ouvert du 8 au 10. Novembre 2022. Nous [&hellip;]<\/p>\n","protected":false},"author":1,"featured_media":11875,"comment_status":"closed","ping_status":"closed","sticky":false,"template":"","format":"standard","meta":{"_monsterinsights_skip_tracking":false,"_monsterinsights_sitenote_active":false,"_monsterinsights_sitenote_note":"","_monsterinsights_sitenote_category":0,"footnotes":""},"categories":[275],"tags":[],"class_list":["post-11873","post","type-post","status-publish","format-standard","has-post-thumbnail","hentry","category-actualites"],"aioseo_notices":[],"_links":{"self":[{"href":"https:\/\/samon.com\/fr\/wp-json\/wp\/v2\/posts\/11873","targetHints":{"allow":["GET"]}}],"collection":[{"href":"https:\/\/samon.com\/fr\/wp-json\/wp\/v2\/posts"}],"about":[{"href":"https:\/\/samon.com\/fr\/wp-json\/wp\/v2\/types\/post"}],"author":[{"embeddable":true,"href":"https:\/\/samon.com\/fr\/wp-json\/wp\/v2\/users\/1"}],"replies":[{"embeddable":true,"href":"https:\/\/samon.com\/fr\/wp-json\/wp\/v2\/comments?post=11873"}],"version-history":[{"count":1,"href":"https:\/\/samon.com\/fr\/wp-json\/wp\/v2\/posts\/11873\/revisions"}],"predecessor-version":[{"id":11878,"href":"https:\/\/samon.com\/fr\/wp-json\/wp\/v2\/posts\/11873\/revisions\/11878"}],"wp:featuredmedia":[{"embeddable":true,"href":"https:\/\/samon.com\/fr\/wp-json\/wp\/v2\/media\/11875"}],"wp:attachment":[{"href":"https:\/\/samon.com\/fr\/wp-json\/wp\/v2\/media?parent=11873"}],"wp:term":[{"taxonomy":"category","embeddable":true,"href":"https:\/\/samon.com\/fr\/wp-json\/wp\/v2\/categories?post=11873"},{"taxonomy":"post_tag","embeddable":true,"href":"https:\/\/samon.com\/fr\/wp-json\/wp\/v2\/tags?post=11873"}],"curies":[{"name":"wp","href":"https:\/\/api.w.org\/{rel}","templated":true}]}}