{"id":11858,"date":"2022-11-15T08:51:00","date_gmt":"2022-11-15T07:51:00","guid":{"rendered":"https:\/\/samon.com\/non-classifiee\/samon-presente-le-nouveau-detecteur-de-gaz-refrigerant-glaciar-midi\/"},"modified":"2024-10-23T14:46:49","modified_gmt":"2024-10-23T12:46:49","slug":"samon-presente-le-nouveau-detecteur-de-gaz-refrigerant-glaciar-midi","status":"publish","type":"post","link":"https:\/\/samon.com\/fr\/communiques-de-presse\/samon-presente-le-nouveau-detecteur-de-gaz-refrigerant-glaciar-midi\/","title":{"rendered":"SAMON pr\u00e9sente le nouveau d\u00e9tecteur de gaz r\u00e9frig\u00e9rant GLACI\u00c4R MIDI"},"content":{"rendered":"\t\t<div data-elementor-type=\"wp-post\" data-elementor-id=\"11858\" class=\"elementor elementor-11858 elementor-5020\" data-elementor-post-type=\"post\">\n\t\t\t\t<div class=\"elementor-element elementor-element-ebae6e3 e-flex e-con-boxed e-con e-parent\" data-id=\"ebae6e3\" data-element_type=\"container\">\n\t\t\t\t\t<div class=\"e-con-inner\">\n\t\t\t\t<div class=\"elementor-element elementor-element-2530ffe elementor-widget elementor-widget-image\" data-id=\"2530ffe\" data-element_type=\"widget\" data-widget_type=\"image.default\">\n\t\t\t\t<div class=\"elementor-widget-container\">\n\t\t\t\t\t\t\t\t\t\t\t\t\t\t\t<img fetchpriority=\"high\" decoding=\"async\" width=\"1920\" height=\"1080\" src=\"https:\/\/samon.com\/wp-content\/uploads\/2024\/05\/SAMON-Glaciar-Midi-3d.jpeg\" class=\"attachment-full size-full wp-image-5021\" alt=\"GLACI\u00c4R MIDI refrigerant gas detector\" srcset=\"https:\/\/samon.com\/wp-content\/uploads\/2024\/05\/SAMON-Glaciar-Midi-3d.jpeg 1920w, https:\/\/samon.com\/wp-content\/uploads\/2024\/05\/SAMON-Glaciar-Midi-3d-300x169.jpeg 300w, https:\/\/samon.com\/wp-content\/uploads\/2024\/05\/SAMON-Glaciar-Midi-3d-1024x576.jpeg 1024w, https:\/\/samon.com\/wp-content\/uploads\/2024\/05\/SAMON-Glaciar-Midi-3d-768x432.jpeg 768w, https:\/\/samon.com\/wp-content\/uploads\/2024\/05\/SAMON-Glaciar-Midi-3d-1536x864.jpeg 1536w\" sizes=\"(max-width: 1920px) 100vw, 1920px\" \/>\t\t\t\t\t\t\t\t\t\t\t\t\t\t\t<\/div>\n\t\t\t\t<\/div>\n\t\t\t\t\t<\/div>\n\t\t\t\t<\/div>\n\t\t<div class=\"elementor-element elementor-element-19e2320 e-flex e-con-boxed e-con e-parent\" data-id=\"19e2320\" data-element_type=\"container\">\n\t\t\t\t\t<div class=\"e-con-inner\">\n\t\t\t\t<div class=\"elementor-element elementor-element-648b25e elementor-widget elementor-widget-heading\" data-id=\"648b25e\" data-element_type=\"widget\" data-widget_type=\"heading.default\">\n\t\t\t\t<div class=\"elementor-widget-container\">\n\t\t\t\t\t<h2 class=\"elementor-heading-title elementor-size-default\">SAMON pr\u00e9sente le nouveau d\u00e9tecteur de gaz r\u00e9frig\u00e9rant GLACI\u00c4R MIDI<\/h2>\t\t\t\t<\/div>\n\t\t\t\t<\/div>\n\t\t\t\t\t<\/div>\n\t\t\t\t<\/div>\n\t\t<div class=\"elementor-element elementor-element-402c130 e-flex e-con-boxed e-con e-parent\" data-id=\"402c130\" data-element_type=\"container\">\n\t\t\t\t\t<div class=\"e-con-inner\">\n\t\t\t\t<div class=\"elementor-element elementor-element-d1d9a29 elementor-widget elementor-widget-text-editor\" data-id=\"d1d9a29\" data-element_type=\"widget\" data-widget_type=\"text-editor.default\">\n\t\t\t\t<div class=\"elementor-widget-container\">\n\t\t\t\t\t\t\t\t\t<p><b>COMMUNIQU\u00c9 DE PRESSE : VELLINGE, SU\u00c8DE \/ 14 novembre 2022  <\/b><\/p>\n<p>SAMON AB a pr\u00e9sent\u00e9 GLACIAR MIDI, le d\u00e9tecteur de gaz r\u00e9frig\u00e9rant simplement fiable. Con\u00e7u pour prot\u00e9ger l&rsquo;environnement, les personnes et les biens, GLACIAR MIDI r\u00e9pond aux besoins de chaque utilisateur gr\u00e2ce \u00e0 sa gamme d&rsquo;interfaces num\u00e9riques et analogiques. <\/p>\n<p>Lanc\u00e9e au salon Chillventa de Nuremberg en octobre, la soci\u00e9t\u00e9 SAMON a suscit\u00e9 un vif int\u00e9r\u00eat de la part des utilisateurs nouveaux et existants de ses produits de d\u00e9tection des gaz r\u00e9frig\u00e9rants.<\/p>\n<p>GLACIAR MIDI est adapt\u00e9 \u00e0 la d\u00e9tection de tous les gaz r\u00e9frig\u00e9rants, y compris les r\u00e9frig\u00e9rants naturels tels que le CO2, le propane et l&rsquo;ammoniac, ainsi que les m\u00e9langes de r\u00e9frig\u00e9rants HFC et HFO.<\/p>\n<p>Une toute nouvelle application SAMON permet de configurer et d&rsquo;entretenir facilement les d\u00e9tecteurs \u00e0 l&rsquo;aide d&rsquo;une interface Bluetooth. GLACIAR MIDI comprend \u00e9galement une roue de service analogique, permettant aux utilisateurs d&rsquo;interagir avec leur d\u00e9tecteur de gaz r\u00e9frig\u00e9rant sans n\u00e9cessiter d&rsquo;outils sp\u00e9ciaux. <\/p>\n<p>Dzenkis Junuzovic, directeur R&amp;D chez SAMON, a d\u00e9clar\u00e9 : \u00ab\u00a0Je suis tr\u00e8s heureux de pr\u00e9senter GLACIAR MIDI \u00e0 nos clients. Nous avons consacr\u00e9 plus de 30 ans d&rsquo;exp\u00e9rience et d&rsquo;expertise dans le domaine de la d\u00e9tection des gaz r\u00e9frig\u00e9rants \u00e0 ce d\u00e9veloppement. Ce n&rsquo;est que le premier de la s\u00e9rie GLACIAR, nous en avons d&rsquo;autres \u00e0 venir pour soutenir les industries de la r\u00e9frig\u00e9ration et de la climatisation. Surveillez cet espace !<\/p>\n<p>SAMON AB a son si\u00e8ge \u00e0 Vellinge, en Su\u00e8de, et des bureaux en Espagne, en France et au Royaume-Uni. Elle fait partie du groupe Alder, qui se concentre sur le d\u00e9veloppement durable et l&rsquo;impact sur le climat.<\/p>\n\t\t\t\t\t\t\t\t<\/div>\n\t\t\t\t<\/div>\n\t\t\t\t\t<\/div>\n\t\t\t\t<\/div>\n\t\t<div class=\"elementor-element elementor-element-c35c217 e-flex e-con-boxed e-con e-parent\" data-id=\"c35c217\" data-element_type=\"container\">\n\t\t\t\t\t<div class=\"e-con-inner\">\n\t\t\t\t<div class=\"elementor-element elementor-element-c76326c elementor-widget elementor-widget-spacer\" data-id=\"c76326c\" data-element_type=\"widget\" data-widget_type=\"spacer.default\">\n\t\t\t\t<div class=\"elementor-widget-container\">\n\t\t\t\t\t\t\t<div class=\"elementor-spacer\">\n\t\t\t<div class=\"elementor-spacer-inner\"><\/div>\n\t\t<\/div>\n\t\t\t\t\t\t<\/div>\n\t\t\t\t<\/div>\n\t\t\t\t\t<\/div>\n\t\t\t\t<\/div>\n\t\t\t\t<\/div>\n\t\t","protected":false},"excerpt":{"rendered":"<p>SAMON pr\u00e9sente le nouveau d\u00e9tecteur de gaz r\u00e9frig\u00e9rant GLACI\u00c4R MIDI COMMUNIQU\u00c9 DE PRESSE : VELLINGE, SU\u00c8DE \/ 14 novembre 2022 SAMON AB a pr\u00e9sent\u00e9 GLACIAR MIDI, le d\u00e9tecteur de gaz r\u00e9frig\u00e9rant simplement fiable. Con\u00e7u pour prot\u00e9ger l&rsquo;environnement, les personnes et les biens, GLACIAR MIDI r\u00e9pond aux besoins de chaque utilisateur gr\u00e2ce \u00e0 sa gamme d&rsquo;interfaces [&hellip;]<\/p>\n","protected":false},"author":1,"featured_media":11573,"comment_status":"closed","ping_status":"closed","sticky":false,"template":"","format":"standard","meta":{"_monsterinsights_skip_tracking":false,"_monsterinsights_sitenote_active":false,"_monsterinsights_sitenote_note":"","_monsterinsights_sitenote_category":0,"footnotes":""},"categories":[276],"tags":[],"class_list":["post-11858","post","type-post","status-publish","format-standard","has-post-thumbnail","hentry","category-communiques-de-presse"],"aioseo_notices":[],"_links":{"self":[{"href":"https:\/\/samon.com\/fr\/wp-json\/wp\/v2\/posts\/11858","targetHints":{"allow":["GET"]}}],"collection":[{"href":"https:\/\/samon.com\/fr\/wp-json\/wp\/v2\/posts"}],"about":[{"href":"https:\/\/samon.com\/fr\/wp-json\/wp\/v2\/types\/post"}],"author":[{"embeddable":true,"href":"https:\/\/samon.com\/fr\/wp-json\/wp\/v2\/users\/1"}],"replies":[{"embeddable":true,"href":"https:\/\/samon.com\/fr\/wp-json\/wp\/v2\/comments?post=11858"}],"version-history":[{"count":1,"href":"https:\/\/samon.com\/fr\/wp-json\/wp\/v2\/posts\/11858\/revisions"}],"predecessor-version":[{"id":11859,"href":"https:\/\/samon.com\/fr\/wp-json\/wp\/v2\/posts\/11858\/revisions\/11859"}],"wp:featuredmedia":[{"embeddable":true,"href":"https:\/\/samon.com\/fr\/wp-json\/wp\/v2\/media\/11573"}],"wp:attachment":[{"href":"https:\/\/samon.com\/fr\/wp-json\/wp\/v2\/media?parent=11858"}],"wp:term":[{"taxonomy":"category","embeddable":true,"href":"https:\/\/samon.com\/fr\/wp-json\/wp\/v2\/categories?post=11858"},{"taxonomy":"post_tag","embeddable":true,"href":"https:\/\/samon.com\/fr\/wp-json\/wp\/v2\/tags?post=11858"}],"curies":[{"name":"wp","href":"https:\/\/api.w.org\/{rel}","templated":true}]}}