{"id":11849,"date":"2023-01-30T09:12:00","date_gmt":"2023-01-30T08:12:00","guid":{"rendered":"https:\/\/samon.com\/non-classifiee\/samon-elargit-son-equipe-de-service\/"},"modified":"2024-10-23T14:46:49","modified_gmt":"2024-10-23T12:46:49","slug":"samon-elargit-son-equipe-de-service","status":"publish","type":"post","link":"https:\/\/samon.com\/fr\/actualites\/samon-elargit-son-equipe-de-service\/","title":{"rendered":"SAMON \u00e9largit son \u00e9quipe de service"},"content":{"rendered":"\t\t<div data-elementor-type=\"wp-post\" data-elementor-id=\"11849\" class=\"elementor elementor-11849 elementor-5044\" data-elementor-post-type=\"post\">\n\t\t\t\t<div class=\"elementor-element elementor-element-ab95da1 e-flex e-con-boxed e-con e-parent\" data-id=\"ab95da1\" data-element_type=\"container\">\n\t\t\t\t\t<div class=\"e-con-inner\">\n\t\t\t\t<div class=\"elementor-element elementor-element-5064acd elementor-widget elementor-widget-image\" data-id=\"5064acd\" data-element_type=\"widget\" data-widget_type=\"image.default\">\n\t\t\t\t<div class=\"elementor-widget-container\">\n\t\t\t\t\t\t\t\t\t\t\t\t\t\t\t<img fetchpriority=\"high\" decoding=\"async\" width=\"1200\" height=\"888\" src=\"https:\/\/samon.com\/wp-content\/uploads\/2024\/05\/Fredric-Andre.jpeg\" class=\"attachment-full size-full wp-image-5045\" alt=\"Andre Lagesson and Fredric Deljerud\" srcset=\"https:\/\/samon.com\/wp-content\/uploads\/2024\/05\/Fredric-Andre.jpeg 1200w, https:\/\/samon.com\/wp-content\/uploads\/2024\/05\/Fredric-Andre-300x222.jpeg 300w, https:\/\/samon.com\/wp-content\/uploads\/2024\/05\/Fredric-Andre-1024x758.jpeg 1024w, https:\/\/samon.com\/wp-content\/uploads\/2024\/05\/Fredric-Andre-768x568.jpeg 768w\" sizes=\"(max-width: 1200px) 100vw, 1200px\" \/>\t\t\t\t\t\t\t\t\t\t\t\t\t\t\t<\/div>\n\t\t\t\t<\/div>\n\t\t\t\t\t<\/div>\n\t\t\t\t<\/div>\n\t\t<div class=\"elementor-element elementor-element-fe95ca6 e-flex e-con-boxed e-con e-parent\" data-id=\"fe95ca6\" data-element_type=\"container\">\n\t\t\t\t\t<div class=\"e-con-inner\">\n\t\t\t\t<div class=\"elementor-element elementor-element-436aa99 elementor-widget elementor-widget-heading\" data-id=\"436aa99\" data-element_type=\"widget\" data-widget_type=\"heading.default\">\n\t\t\t\t<div class=\"elementor-widget-container\">\n\t\t\t\t\t<h2 class=\"elementor-heading-title elementor-size-default\">SAMON \u00e9largit son \u00e9quipe de service<\/h2>\t\t\t\t<\/div>\n\t\t\t\t<\/div>\n\t\t\t\t\t<\/div>\n\t\t\t\t<\/div>\n\t\t<div class=\"elementor-element elementor-element-35e7aba e-flex e-con-boxed e-con e-parent\" data-id=\"35e7aba\" data-element_type=\"container\">\n\t\t\t\t\t<div class=\"e-con-inner\">\n\t\t\t\t<div class=\"elementor-element elementor-element-b717b7a elementor-widget elementor-widget-text-editor\" data-id=\"b717b7a\" data-element_type=\"widget\" data-widget_type=\"text-editor.default\">\n\t\t\t\t<div class=\"elementor-widget-container\">\n\t\t\t\t\t\t\t\t\t<p>SAMON poursuit sa croissance et renforce son \u00e9quipe de service sur le march\u00e9 su\u00e9dois en accueillant <em>Fredric Deljerud<\/em> dans son \u00e9quipe en tant qu&rsquo;ing\u00e9nieur de service.<\/p>\n<p>Fredric aidera \u00e0 soutenir nos clients existants et nouveaux. Fredric vit \u00e0 Avesta, en Dal\u00e9carlie, et sera un atout majeur pour nous permettre d&rsquo;offrir \u00e0 nos clients des services encore plus \u00e9tendus et plus rapides. <\/p>\n<p>Andr\u00e9 Lagesson, directeur du service et de l&rsquo;apr\u00e8s-vente de SAMON, explique :<\/p>\n<p><em>Fredric a une longue exp\u00e9rience du secteur industriel et sa situation g\u00e9ographique en Dal\u00e9carlie nous permet d&rsquo;aller encore plus loin et d&rsquo;aider de nombreux clients, alors que nous continuons \u00e0 renforcer notre position ici en Su\u00e8de.<\/em><\/p>\n<p><em> <\/em><em>Bienvenue dans la famille SAMON !<\/em><\/p>\n\t\t\t\t\t\t\t\t<\/div>\n\t\t\t\t<\/div>\n\t\t\t\t\t<\/div>\n\t\t\t\t<\/div>\n\t\t<div class=\"elementor-element elementor-element-d7f5279 e-flex e-con-boxed e-con e-parent\" data-id=\"d7f5279\" data-element_type=\"container\">\n\t\t\t\t\t<div class=\"e-con-inner\">\n\t\t\t\t<div class=\"elementor-element elementor-element-cfc83a8 elementor-widget elementor-widget-spacer\" data-id=\"cfc83a8\" data-element_type=\"widget\" data-widget_type=\"spacer.default\">\n\t\t\t\t<div class=\"elementor-widget-container\">\n\t\t\t\t\t\t\t<div class=\"elementor-spacer\">\n\t\t\t<div class=\"elementor-spacer-inner\"><\/div>\n\t\t<\/div>\n\t\t\t\t\t\t<\/div>\n\t\t\t\t<\/div>\n\t\t\t\t\t<\/div>\n\t\t\t\t<\/div>\n\t\t\t\t<\/div>\n\t\t","protected":false},"excerpt":{"rendered":"<p>SAMON \u00e9largit son \u00e9quipe de service SAMON poursuit sa croissance et renforce son \u00e9quipe de service sur le march\u00e9 su\u00e9dois en accueillant Fredric Deljerud dans son \u00e9quipe en tant qu&rsquo;ing\u00e9nieur de service. Fredric aidera \u00e0 soutenir nos clients existants et nouveaux. Fredric vit \u00e0 Avesta, en Dal\u00e9carlie, et sera un atout majeur pour nous permettre [&hellip;]<\/p>\n","protected":false},"author":1,"featured_media":11850,"comment_status":"closed","ping_status":"closed","sticky":false,"template":"","format":"standard","meta":{"_monsterinsights_skip_tracking":false,"_monsterinsights_sitenote_active":false,"_monsterinsights_sitenote_note":"","_monsterinsights_sitenote_category":0,"footnotes":""},"categories":[275],"tags":[],"class_list":["post-11849","post","type-post","status-publish","format-standard","has-post-thumbnail","hentry","category-actualites"],"aioseo_notices":[],"_links":{"self":[{"href":"https:\/\/samon.com\/fr\/wp-json\/wp\/v2\/posts\/11849","targetHints":{"allow":["GET"]}}],"collection":[{"href":"https:\/\/samon.com\/fr\/wp-json\/wp\/v2\/posts"}],"about":[{"href":"https:\/\/samon.com\/fr\/wp-json\/wp\/v2\/types\/post"}],"author":[{"embeddable":true,"href":"https:\/\/samon.com\/fr\/wp-json\/wp\/v2\/users\/1"}],"replies":[{"embeddable":true,"href":"https:\/\/samon.com\/fr\/wp-json\/wp\/v2\/comments?post=11849"}],"version-history":[{"count":1,"href":"https:\/\/samon.com\/fr\/wp-json\/wp\/v2\/posts\/11849\/revisions"}],"predecessor-version":[{"id":11851,"href":"https:\/\/samon.com\/fr\/wp-json\/wp\/v2\/posts\/11849\/revisions\/11851"}],"wp:featuredmedia":[{"embeddable":true,"href":"https:\/\/samon.com\/fr\/wp-json\/wp\/v2\/media\/11850"}],"wp:attachment":[{"href":"https:\/\/samon.com\/fr\/wp-json\/wp\/v2\/media?parent=11849"}],"wp:term":[{"taxonomy":"category","embeddable":true,"href":"https:\/\/samon.com\/fr\/wp-json\/wp\/v2\/categories?post=11849"},{"taxonomy":"post_tag","embeddable":true,"href":"https:\/\/samon.com\/fr\/wp-json\/wp\/v2\/tags?post=11849"}],"curies":[{"name":"wp","href":"https:\/\/api.w.org\/{rel}","templated":true}]}}