{"id":11001,"date":"2022-08-08T08:14:16","date_gmt":"2022-08-08T06:14:16","guid":{"rendered":"https:\/\/samon.com\/sin-categorizar\/samon-contrata-a-flemming-poulsen-como-coordinador-de-marketing-y-contenidos\/"},"modified":"2024-10-23T09:31:05","modified_gmt":"2024-10-23T07:31:05","slug":"samon-contrata-a-flemming-poulsen-como-coordinador-de-marketing-y-contenidos","status":"publish","type":"post","link":"https:\/\/samon.com\/es\/noticias\/samon-contrata-a-flemming-poulsen-como-coordinador-de-marketing-y-contenidos\/","title":{"rendered":"SAMON contrata a Flemming Poulsen como Coordinador de Marketing y Contenidos"},"content":{"rendered":"\t\t<div data-elementor-type=\"wp-post\" data-elementor-id=\"11001\" class=\"elementor elementor-11001 elementor-4985\" data-elementor-post-type=\"post\">\n\t\t\t\t<div class=\"elementor-element elementor-element-263b716 e-flex e-con-boxed e-con e-parent\" data-id=\"263b716\" data-element_type=\"container\">\n\t\t\t\t\t<div class=\"e-con-inner\">\n\t\t\t\t<div class=\"elementor-element elementor-element-cf6ef65 elementor-widget elementor-widget-image\" data-id=\"cf6ef65\" data-element_type=\"widget\" data-widget_type=\"image.default\">\n\t\t\t\t<div class=\"elementor-widget-container\">\n\t\t\t\t\t\t\t\t\t\t\t\t\t\t\t<img fetchpriority=\"high\" decoding=\"async\" width=\"1200\" height=\"799\" src=\"https:\/\/samon.com\/wp-content\/uploads\/2024\/05\/tobias-flemming-samon.webp\" class=\"attachment-full size-full wp-image-4988\" alt=\"\" srcset=\"https:\/\/samon.com\/wp-content\/uploads\/2024\/05\/tobias-flemming-samon.webp 1200w, https:\/\/samon.com\/wp-content\/uploads\/2024\/05\/tobias-flemming-samon-300x200.webp 300w, https:\/\/samon.com\/wp-content\/uploads\/2024\/05\/tobias-flemming-samon-1024x682.webp 1024w, https:\/\/samon.com\/wp-content\/uploads\/2024\/05\/tobias-flemming-samon-768x511.webp 768w\" sizes=\"(max-width: 1200px) 100vw, 1200px\" \/>\t\t\t\t\t\t\t\t\t\t\t\t\t\t\t<\/div>\n\t\t\t\t<\/div>\n\t\t\t\t\t<\/div>\n\t\t\t\t<\/div>\n\t\t<div class=\"elementor-element elementor-element-b999c53 e-flex e-con-boxed e-con e-parent\" data-id=\"b999c53\" data-element_type=\"container\">\n\t\t\t\t\t<div class=\"e-con-inner\">\n\t\t\t\t<div class=\"elementor-element elementor-element-c4e1db7 elementor-widget elementor-widget-heading\" data-id=\"c4e1db7\" data-element_type=\"widget\" data-widget_type=\"heading.default\">\n\t\t\t\t<div class=\"elementor-widget-container\">\n\t\t\t\t\t<h2 class=\"elementor-heading-title elementor-size-default\">SAMON contrata a Flemming Poulsen como Coordinador de Marketing y Contenidos<\/h2>\t\t\t\t<\/div>\n\t\t\t\t<\/div>\n\t\t\t\t\t<\/div>\n\t\t\t\t<\/div>\n\t\t<div class=\"elementor-element elementor-element-0f6b92c e-flex e-con-boxed e-con e-parent\" data-id=\"0f6b92c\" data-element_type=\"container\">\n\t\t\t\t\t<div class=\"e-con-inner\">\n\t\t\t\t<div class=\"elementor-element elementor-element-e7a8d8f elementor-widget elementor-widget-text-editor\" data-id=\"e7a8d8f\" data-element_type=\"widget\" data-widget_type=\"text-editor.default\">\n\t\t\t\t<div class=\"elementor-widget-container\">\n\t\t\t\t\t\t\t\t\t<p><span lang=\"en-US\">Flemming ser\u00e1 responsable de nuestra p\u00e1gina web, ferias y marketing en general. Tiene una amplia experiencia en marketing, desarrollo web, relaciones p\u00fablicas y redes sociales en varios sectores y como periodista y redactor jefe. <\/span><\/p>\n<p><span lang=\"en-US\">Con esta nueva contrataci\u00f3n, SAMON refuerza sustancialmente nuestro marketing como parte de nuestra estrategia de crecimiento.<\/span><\/p>\n<p><span lang=\"en-US\">Tobias Nilbert, Director de Ventas de SAMON: <em>\u00abEstoy muy contento de dar la bienvenida a Flemming a nuestro equipo en nuestra sede de Vellinge. Con sus amplios conocimientos y experiencia ser\u00e1 una incorporaci\u00f3n muy \u00fatil al equipo de SAMON.\u00bb<\/em><\/span><\/p>\n<p><span lang=\"en-US\">Una calurosa bienvenida a la familia SAMON<\/span><\/p>\n\t\t\t\t\t\t\t\t<\/div>\n\t\t\t\t<\/div>\n\t\t\t\t\t<\/div>\n\t\t\t\t<\/div>\n\t\t<div class=\"elementor-element elementor-element-86643ae e-flex e-con-boxed e-con e-parent\" data-id=\"86643ae\" data-element_type=\"container\">\n\t\t\t\t\t<div class=\"e-con-inner\">\n\t\t\t\t<div class=\"elementor-element elementor-element-1c3c19d elementor-widget elementor-widget-spacer\" data-id=\"1c3c19d\" data-element_type=\"widget\" data-widget_type=\"spacer.default\">\n\t\t\t\t<div class=\"elementor-widget-container\">\n\t\t\t\t\t\t\t<div class=\"elementor-spacer\">\n\t\t\t<div class=\"elementor-spacer-inner\"><\/div>\n\t\t<\/div>\n\t\t\t\t\t\t<\/div>\n\t\t\t\t<\/div>\n\t\t\t\t\t<\/div>\n\t\t\t\t<\/div>\n\t\t\t\t<\/div>\n\t\t","protected":false},"excerpt":{"rendered":"<p>SAMON contrata a Flemming Poulsen como Coordinador de Marketing y Contenidos Flemming ser\u00e1 responsable de nuestra p\u00e1gina web, ferias y marketing en general. Tiene una amplia experiencia en marketing, desarrollo web, relaciones p\u00fablicas y redes sociales en varios sectores y como periodista y redactor jefe. Con esta nueva contrataci\u00f3n, SAMON refuerza sustancialmente nuestro marketing como [&hellip;]<\/p>\n","protected":false},"author":1,"featured_media":10535,"comment_status":"closed","ping_status":"closed","sticky":false,"template":"","format":"standard","meta":{"_monsterinsights_skip_tracking":false,"_monsterinsights_sitenote_active":false,"_monsterinsights_sitenote_note":"","_monsterinsights_sitenote_category":0,"footnotes":""},"categories":[122],"tags":[],"class_list":["post-11001","post","type-post","status-publish","format-standard","has-post-thumbnail","hentry","category-noticias"],"aioseo_notices":[],"_links":{"self":[{"href":"https:\/\/samon.com\/es\/wp-json\/wp\/v2\/posts\/11001","targetHints":{"allow":["GET"]}}],"collection":[{"href":"https:\/\/samon.com\/es\/wp-json\/wp\/v2\/posts"}],"about":[{"href":"https:\/\/samon.com\/es\/wp-json\/wp\/v2\/types\/post"}],"author":[{"embeddable":true,"href":"https:\/\/samon.com\/es\/wp-json\/wp\/v2\/users\/1"}],"replies":[{"embeddable":true,"href":"https:\/\/samon.com\/es\/wp-json\/wp\/v2\/comments?post=11001"}],"version-history":[{"count":1,"href":"https:\/\/samon.com\/es\/wp-json\/wp\/v2\/posts\/11001\/revisions"}],"predecessor-version":[{"id":11002,"href":"https:\/\/samon.com\/es\/wp-json\/wp\/v2\/posts\/11001\/revisions\/11002"}],"wp:featuredmedia":[{"embeddable":true,"href":"https:\/\/samon.com\/es\/wp-json\/wp\/v2\/media\/10535"}],"wp:attachment":[{"href":"https:\/\/samon.com\/es\/wp-json\/wp\/v2\/media?parent=11001"}],"wp:term":[{"taxonomy":"category","embeddable":true,"href":"https:\/\/samon.com\/es\/wp-json\/wp\/v2\/categories?post=11001"},{"taxonomy":"post_tag","embeddable":true,"href":"https:\/\/samon.com\/es\/wp-json\/wp\/v2\/tags?post=11001"}],"curies":[{"name":"wp","href":"https:\/\/api.w.org\/{rel}","templated":true}]}}