{"id":10992,"date":"2022-11-08T08:33:00","date_gmt":"2022-11-08T07:33:00","guid":{"rendered":"https:\/\/samon.com\/sin-categorizar\/samon-asiste-esta-semana-a-la-sifa-2022-en-lyon\/"},"modified":"2024-10-23T09:31:05","modified_gmt":"2024-10-23T07:31:05","slug":"samon-asiste-esta-semana-a-la-sifa-2022-en-lyon","status":"publish","type":"post","link":"https:\/\/samon.com\/es\/noticias\/samon-asiste-esta-semana-a-la-sifa-2022-en-lyon\/","title":{"rendered":"SAMON asiste esta semana a la SIFA 2022 en Lyon"},"content":{"rendered":"\t\t<div data-elementor-type=\"wp-post\" data-elementor-id=\"10992\" class=\"elementor elementor-10992 elementor-5014\" data-elementor-post-type=\"post\">\n\t\t\t\t<div class=\"elementor-element elementor-element-6213778 e-flex e-con-boxed e-con e-parent\" data-id=\"6213778\" data-element_type=\"container\">\n\t\t\t\t\t<div class=\"e-con-inner\">\n\t\t\t\t<div class=\"elementor-element elementor-element-71fcff5 elementor-widget elementor-widget-image\" data-id=\"71fcff5\" data-element_type=\"widget\" data-widget_type=\"image.default\">\n\t\t\t\t<div class=\"elementor-widget-container\">\n\t\t\t\t\t\t\t\t\t\t\t\t\t\t\t<img fetchpriority=\"high\" decoding=\"async\" width=\"1200\" height=\"906\" src=\"https:\/\/samon.com\/wp-content\/uploads\/2024\/05\/SIFA-web.webp\" class=\"attachment-full size-full wp-image-10539\" alt=\"\" srcset=\"https:\/\/samon.com\/wp-content\/uploads\/2024\/05\/SIFA-web.webp 1200w, https:\/\/samon.com\/wp-content\/uploads\/2024\/05\/SIFA-web-300x227.webp 300w, https:\/\/samon.com\/wp-content\/uploads\/2024\/05\/SIFA-web-1024x773.webp 1024w, https:\/\/samon.com\/wp-content\/uploads\/2024\/05\/SIFA-web-768x580.webp 768w\" sizes=\"(max-width: 1200px) 100vw, 1200px\" \/>\t\t\t\t\t\t\t\t\t\t\t\t\t\t\t<\/div>\n\t\t\t\t<\/div>\n\t\t\t\t\t<\/div>\n\t\t\t\t<\/div>\n\t\t<div class=\"elementor-element elementor-element-3befbd8 e-flex e-con-boxed e-con e-parent\" data-id=\"3befbd8\" data-element_type=\"container\">\n\t\t\t\t\t<div class=\"e-con-inner\">\n\t\t\t\t<div class=\"elementor-element elementor-element-777c8c8 elementor-widget elementor-widget-heading\" data-id=\"777c8c8\" data-element_type=\"widget\" data-widget_type=\"heading.default\">\n\t\t\t\t<div class=\"elementor-widget-container\">\n\t\t\t\t\t<h2 class=\"elementor-heading-title elementor-size-default\">SAMON asiste esta semana a la SIFA 2022 en Lyon<\/h2>\t\t\t\t<\/div>\n\t\t\t\t<\/div>\n\t\t\t\t\t<\/div>\n\t\t\t\t<\/div>\n\t\t<div class=\"elementor-element elementor-element-2cc5542 e-flex e-con-boxed e-con e-parent\" data-id=\"2cc5542\" data-element_type=\"container\">\n\t\t\t\t\t<div class=\"e-con-inner\">\n\t\t\t\t<div class=\"elementor-element elementor-element-0ff413c elementor-widget elementor-widget-text-editor\" data-id=\"0ff413c\" data-element_type=\"widget\" data-widget_type=\"text-editor.default\">\n\t\t\t\t<div class=\"elementor-widget-container\">\n\t\t\t\t\t\t\t\t\t<p>Esta semana SAMON asistir\u00e1 a la feria SIFA en la EUREXPO de Lyon (Francia).<\/p>\n<p>P\u00e1sate por el stand A07 y conoce a nuestros expertos y obt\u00e9n una demostraci\u00f3n de nuestro nuevo <strong>detector de gases refrigerantes GLACI\u00c4R MIDI<\/strong>.<\/p>\n<p>SIFA estar\u00e1 abierto del 8 al 10. Noviembre de 2022. <\/p>\n<p>Estamos deseando verte.<\/p>\n\t\t\t\t\t\t\t\t<\/div>\n\t\t\t\t<\/div>\n\t\t\t\t\t<\/div>\n\t\t\t\t<\/div>\n\t\t<div class=\"elementor-element elementor-element-b132773 e-flex e-con-boxed e-con e-parent\" data-id=\"b132773\" data-element_type=\"container\">\n\t\t\t\t\t<div class=\"e-con-inner\">\n\t\t\t\t<div class=\"elementor-element elementor-element-df54be5 elementor-widget elementor-widget-spacer\" data-id=\"df54be5\" data-element_type=\"widget\" data-widget_type=\"spacer.default\">\n\t\t\t\t<div class=\"elementor-widget-container\">\n\t\t\t\t\t\t\t<div class=\"elementor-spacer\">\n\t\t\t<div class=\"elementor-spacer-inner\"><\/div>\n\t\t<\/div>\n\t\t\t\t\t\t<\/div>\n\t\t\t\t<\/div>\n\t\t\t\t\t<\/div>\n\t\t\t\t<\/div>\n\t\t\t\t<\/div>\n\t\t","protected":false},"excerpt":{"rendered":"<p>SAMON asiste esta semana a la SIFA 2022 en Lyon Esta semana SAMON asistir\u00e1 a la feria SIFA en la EUREXPO de Lyon (Francia). P\u00e1sate por el stand A07 y conoce a nuestros expertos y obt\u00e9n una demostraci\u00f3n de nuestro nuevo detector de gases refrigerantes GLACI\u00c4R MIDI. SIFA estar\u00e1 abierto del 8 al 10. Noviembre [&hellip;]<\/p>\n","protected":false},"author":1,"featured_media":10539,"comment_status":"closed","ping_status":"closed","sticky":false,"template":"","format":"standard","meta":{"_monsterinsights_skip_tracking":false,"_monsterinsights_sitenote_active":false,"_monsterinsights_sitenote_note":"","_monsterinsights_sitenote_category":0,"footnotes":""},"categories":[122],"tags":[],"class_list":["post-10992","post","type-post","status-publish","format-standard","has-post-thumbnail","hentry","category-noticias"],"aioseo_notices":[],"_links":{"self":[{"href":"https:\/\/samon.com\/es\/wp-json\/wp\/v2\/posts\/10992","targetHints":{"allow":["GET"]}}],"collection":[{"href":"https:\/\/samon.com\/es\/wp-json\/wp\/v2\/posts"}],"about":[{"href":"https:\/\/samon.com\/es\/wp-json\/wp\/v2\/types\/post"}],"author":[{"embeddable":true,"href":"https:\/\/samon.com\/es\/wp-json\/wp\/v2\/users\/1"}],"replies":[{"embeddable":true,"href":"https:\/\/samon.com\/es\/wp-json\/wp\/v2\/comments?post=10992"}],"version-history":[{"count":1,"href":"https:\/\/samon.com\/es\/wp-json\/wp\/v2\/posts\/10992\/revisions"}],"predecessor-version":[{"id":10995,"href":"https:\/\/samon.com\/es\/wp-json\/wp\/v2\/posts\/10992\/revisions\/10995"}],"wp:featuredmedia":[{"embeddable":true,"href":"https:\/\/samon.com\/es\/wp-json\/wp\/v2\/media\/10539"}],"wp:attachment":[{"href":"https:\/\/samon.com\/es\/wp-json\/wp\/v2\/media?parent=10992"}],"wp:term":[{"taxonomy":"category","embeddable":true,"href":"https:\/\/samon.com\/es\/wp-json\/wp\/v2\/categories?post=10992"},{"taxonomy":"post_tag","embeddable":true,"href":"https:\/\/samon.com\/es\/wp-json\/wp\/v2\/tags?post=10992"}],"curies":[{"name":"wp","href":"https:\/\/api.w.org\/{rel}","templated":true}]}}