{"id":10984,"date":"2023-01-30T09:12:00","date_gmt":"2023-01-30T08:12:00","guid":{"rendered":"https:\/\/samon.com\/sin-categorizar\/samon-amplia-el-equipo-de-servicio\/"},"modified":"2024-10-23T09:30:56","modified_gmt":"2024-10-23T07:30:56","slug":"samon-amplia-el-equipo-de-servicio","status":"publish","type":"post","link":"https:\/\/samon.com\/es\/noticias\/samon-amplia-el-equipo-de-servicio\/","title":{"rendered":"SAMON ampl\u00eda el equipo de servicio"},"content":{"rendered":"\t\t<div data-elementor-type=\"wp-post\" data-elementor-id=\"10984\" class=\"elementor elementor-10984 elementor-5044\" data-elementor-post-type=\"post\">\n\t\t\t\t<div class=\"elementor-element elementor-element-ab95da1 e-flex e-con-boxed e-con e-parent\" data-id=\"ab95da1\" data-element_type=\"container\">\n\t\t\t\t\t<div class=\"e-con-inner\">\n\t\t\t\t<div class=\"elementor-element elementor-element-5064acd elementor-widget elementor-widget-image\" data-id=\"5064acd\" data-element_type=\"widget\" data-widget_type=\"image.default\">\n\t\t\t\t<div class=\"elementor-widget-container\">\n\t\t\t\t\t\t\t\t\t\t\t\t\t\t\t<img fetchpriority=\"high\" decoding=\"async\" width=\"1200\" height=\"888\" src=\"https:\/\/samon.com\/wp-content\/uploads\/2024\/05\/Fredric-Andre.jpeg\" class=\"attachment-full size-full wp-image-5045\" alt=\"Andre Lagesson and Fredric Deljerud\" srcset=\"https:\/\/samon.com\/wp-content\/uploads\/2024\/05\/Fredric-Andre.jpeg 1200w, https:\/\/samon.com\/wp-content\/uploads\/2024\/05\/Fredric-Andre-300x222.jpeg 300w, https:\/\/samon.com\/wp-content\/uploads\/2024\/05\/Fredric-Andre-1024x758.jpeg 1024w, https:\/\/samon.com\/wp-content\/uploads\/2024\/05\/Fredric-Andre-768x568.jpeg 768w\" sizes=\"(max-width: 1200px) 100vw, 1200px\" \/>\t\t\t\t\t\t\t\t\t\t\t\t\t\t\t<\/div>\n\t\t\t\t<\/div>\n\t\t\t\t\t<\/div>\n\t\t\t\t<\/div>\n\t\t<div class=\"elementor-element elementor-element-fe95ca6 e-flex e-con-boxed e-con e-parent\" data-id=\"fe95ca6\" data-element_type=\"container\">\n\t\t\t\t\t<div class=\"e-con-inner\">\n\t\t\t\t<div class=\"elementor-element elementor-element-436aa99 elementor-widget elementor-widget-heading\" data-id=\"436aa99\" data-element_type=\"widget\" data-widget_type=\"heading.default\">\n\t\t\t\t<div class=\"elementor-widget-container\">\n\t\t\t\t\t<h2 class=\"elementor-heading-title elementor-size-default\">SAMON ampl\u00eda el equipo de servicio<\/h2>\t\t\t\t<\/div>\n\t\t\t\t<\/div>\n\t\t\t\t\t<\/div>\n\t\t\t\t<\/div>\n\t\t<div class=\"elementor-element elementor-element-35e7aba e-flex e-con-boxed e-con e-parent\" data-id=\"35e7aba\" data-element_type=\"container\">\n\t\t\t\t\t<div class=\"e-con-inner\">\n\t\t\t\t<div class=\"elementor-element elementor-element-b717b7a elementor-widget elementor-widget-text-editor\" data-id=\"b717b7a\" data-element_type=\"widget\" data-widget_type=\"text-editor.default\">\n\t\t\t\t<div class=\"elementor-widget-container\">\n\t\t\t\t\t\t\t\t\t<p>SAMON contin\u00faa su camino de crecimiento y ahora refuerza el equipo de servicio en el mercado sueco dando la bienvenida a <em>Fredric Deljerud<\/em> a nuestro equipo como Ingeniero de Servicio.<\/p>\n<p>Fredric ayudar\u00e1 a dar soporte a nuestros clientes actuales y nuevos. Fredric vive en Avesta, Dalarna, y ser\u00e1 un activo clave para que podamos ofrecer nuestros servicios de forma a\u00fan m\u00e1s amplia y r\u00e1pida a nuestros clientes. <\/p>\n<p>Andr\u00e9 Lagesson, Director de Servicio y Posventa de SAMON, afirma:<\/p>\n<p><em>Estoy encantado de que Fredric se una a nuestro equipo, Fredric tiene una larga experiencia en el sector industrial y su ubicaci\u00f3n geogr\u00e1fica en Dalarna nos permite llegar a\u00fan m\u00e1s lejos para ayudar a muchos m\u00e1s clientes a medida que seguimos reforzando nuestra posici\u00f3n aqu\u00ed en Suecia.<\/em><\/p>\n<p><em> <\/em><em>\u00a1Una calurosa bienvenida a la familia SAMON!<\/em><\/p>\n\t\t\t\t\t\t\t\t<\/div>\n\t\t\t\t<\/div>\n\t\t\t\t\t<\/div>\n\t\t\t\t<\/div>\n\t\t<div class=\"elementor-element elementor-element-d7f5279 e-flex e-con-boxed e-con e-parent\" data-id=\"d7f5279\" data-element_type=\"container\">\n\t\t\t\t\t<div class=\"e-con-inner\">\n\t\t\t\t<div class=\"elementor-element elementor-element-cfc83a8 elementor-widget elementor-widget-spacer\" data-id=\"cfc83a8\" data-element_type=\"widget\" data-widget_type=\"spacer.default\">\n\t\t\t\t<div class=\"elementor-widget-container\">\n\t\t\t\t\t\t\t<div class=\"elementor-spacer\">\n\t\t\t<div class=\"elementor-spacer-inner\"><\/div>\n\t\t<\/div>\n\t\t\t\t\t\t<\/div>\n\t\t\t\t<\/div>\n\t\t\t\t\t<\/div>\n\t\t\t\t<\/div>\n\t\t\t\t<\/div>\n\t\t","protected":false},"excerpt":{"rendered":"<p>SAMON ampl\u00eda el equipo de servicio SAMON contin\u00faa su camino de crecimiento y ahora refuerza el equipo de servicio en el mercado sueco dando la bienvenida a Fredric Deljerud a nuestro equipo como Ingeniero de Servicio. Fredric ayudar\u00e1 a dar soporte a nuestros clientes actuales y nuevos. Fredric vive en Avesta, Dalarna, y ser\u00e1 un [&hellip;]<\/p>\n","protected":false},"author":1,"featured_media":10543,"comment_status":"closed","ping_status":"closed","sticky":false,"template":"","format":"standard","meta":{"_monsterinsights_skip_tracking":false,"_monsterinsights_sitenote_active":false,"_monsterinsights_sitenote_note":"","_monsterinsights_sitenote_category":0,"footnotes":""},"categories":[122],"tags":[],"class_list":["post-10984","post","type-post","status-publish","format-standard","has-post-thumbnail","hentry","category-noticias"],"aioseo_notices":[],"_links":{"self":[{"href":"https:\/\/samon.com\/es\/wp-json\/wp\/v2\/posts\/10984","targetHints":{"allow":["GET"]}}],"collection":[{"href":"https:\/\/samon.com\/es\/wp-json\/wp\/v2\/posts"}],"about":[{"href":"https:\/\/samon.com\/es\/wp-json\/wp\/v2\/types\/post"}],"author":[{"embeddable":true,"href":"https:\/\/samon.com\/es\/wp-json\/wp\/v2\/users\/1"}],"replies":[{"embeddable":true,"href":"https:\/\/samon.com\/es\/wp-json\/wp\/v2\/comments?post=10984"}],"version-history":[{"count":1,"href":"https:\/\/samon.com\/es\/wp-json\/wp\/v2\/posts\/10984\/revisions"}],"predecessor-version":[{"id":10986,"href":"https:\/\/samon.com\/es\/wp-json\/wp\/v2\/posts\/10984\/revisions\/10986"}],"wp:featuredmedia":[{"embeddable":true,"href":"https:\/\/samon.com\/es\/wp-json\/wp\/v2\/media\/10543"}],"wp:attachment":[{"href":"https:\/\/samon.com\/es\/wp-json\/wp\/v2\/media?parent=10984"}],"wp:term":[{"taxonomy":"category","embeddable":true,"href":"https:\/\/samon.com\/es\/wp-json\/wp\/v2\/categories?post=10984"},{"taxonomy":"post_tag","embeddable":true,"href":"https:\/\/samon.com\/es\/wp-json\/wp\/v2\/tags?post=10984"}],"curies":[{"name":"wp","href":"https:\/\/api.w.org\/{rel}","templated":true}]}}