{"id":12074,"date":"2022-08-08T08:14:16","date_gmt":"2022-08-08T06:14:16","guid":{"rendered":"https:\/\/samon.com\/unkategorisiert\/samon-stellt-flemming-poulsen-als-marketing-content-coordinator-ein\/"},"modified":"2024-10-23T15:02:36","modified_gmt":"2024-10-23T13:02:36","slug":"samon-stellt-flemming-poulsen-als-marketing-content-coordinator-ein","status":"publish","type":"post","link":"https:\/\/samon.com\/de\/nachrichten\/samon-stellt-flemming-poulsen-als-marketing-content-coordinator-ein\/","title":{"rendered":"SAMON stellt Flemming Poulsen als Marketing &amp; Content Coordinator ein"},"content":{"rendered":"\t\t<div data-elementor-type=\"wp-post\" data-elementor-id=\"12074\" class=\"elementor elementor-12074 elementor-4985\" data-elementor-post-type=\"post\">\n\t\t\t\t<div class=\"elementor-element elementor-element-263b716 e-flex e-con-boxed e-con e-parent\" data-id=\"263b716\" data-element_type=\"container\">\n\t\t\t\t\t<div class=\"e-con-inner\">\n\t\t\t\t<div class=\"elementor-element elementor-element-cf6ef65 elementor-widget elementor-widget-image\" data-id=\"cf6ef65\" data-element_type=\"widget\" data-widget_type=\"image.default\">\n\t\t\t\t<div class=\"elementor-widget-container\">\n\t\t\t\t\t\t\t\t\t\t\t\t\t\t\t<img fetchpriority=\"high\" decoding=\"async\" width=\"1200\" height=\"799\" src=\"https:\/\/samon.com\/wp-content\/uploads\/2024\/05\/tobias-flemming-samon.webp\" class=\"attachment-full size-full wp-image-4988\" alt=\"\" srcset=\"https:\/\/samon.com\/wp-content\/uploads\/2024\/05\/tobias-flemming-samon.webp 1200w, https:\/\/samon.com\/wp-content\/uploads\/2024\/05\/tobias-flemming-samon-300x200.webp 300w, https:\/\/samon.com\/wp-content\/uploads\/2024\/05\/tobias-flemming-samon-1024x682.webp 1024w, https:\/\/samon.com\/wp-content\/uploads\/2024\/05\/tobias-flemming-samon-768x511.webp 768w\" sizes=\"(max-width: 1200px) 100vw, 1200px\" \/>\t\t\t\t\t\t\t\t\t\t\t\t\t\t\t<\/div>\n\t\t\t\t<\/div>\n\t\t\t\t\t<\/div>\n\t\t\t\t<\/div>\n\t\t<div class=\"elementor-element elementor-element-b999c53 e-flex e-con-boxed e-con e-parent\" data-id=\"b999c53\" data-element_type=\"container\">\n\t\t\t\t\t<div class=\"e-con-inner\">\n\t\t\t\t<div class=\"elementor-element elementor-element-c4e1db7 elementor-widget elementor-widget-heading\" data-id=\"c4e1db7\" data-element_type=\"widget\" data-widget_type=\"heading.default\">\n\t\t\t\t<div class=\"elementor-widget-container\">\n\t\t\t\t\t<h2 class=\"elementor-heading-title elementor-size-default\">SAMON stellt Flemming Poulsen als Marketing &amp; Content Coordinator ein<\/h2>\t\t\t\t<\/div>\n\t\t\t\t<\/div>\n\t\t\t\t\t<\/div>\n\t\t\t\t<\/div>\n\t\t<div class=\"elementor-element elementor-element-0f6b92c e-flex e-con-boxed e-con e-parent\" data-id=\"0f6b92c\" data-element_type=\"container\">\n\t\t\t\t\t<div class=\"e-con-inner\">\n\t\t\t\t<div class=\"elementor-element elementor-element-e7a8d8f elementor-widget elementor-widget-text-editor\" data-id=\"e7a8d8f\" data-element_type=\"widget\" data-widget_type=\"text-editor.default\">\n\t\t\t\t<div class=\"elementor-widget-container\">\n\t\t\t\t\t\t\t\t\t<p><span lang=\"en-US\">Flemming wird f\u00fcr unsere Website, Messen und Marketing im Allgemeinen verantwortlich sein. Er verf\u00fcgt \u00fcber einen umfangreichen Hintergrund in den Bereichen Marketing, Webentwicklung, PR und Social Media aus verschiedenen Branchen sowie als Journalist und Chefredakteur. <\/span><\/p>\n<p><span lang=\"en-US\">Mit dieser Neueinstellung verst\u00e4rkt SAMON sein Marketing im Rahmen seiner Wachstumsstrategie erheblich.<\/span><\/p>\n<p><span lang=\"en-US\">Tobias Nilbert, SAMON Verkaufsleiter: <em>&#8222;Ich freue mich sehr, Flemming in unserem Team an unserem Hauptsitz in Vellinge begr\u00fc\u00dfen zu d\u00fcrfen. Mit seinem umfangreichen Fachwissen und seiner Erfahrung wird er eine sehr n\u00fctzliche Erg\u00e4nzung f\u00fcr das SAMON-Team sein.&#8220;<\/em><\/span><\/p>\n<p><span lang=\"en-US\">Herzlich willkommen in der SAMON-Familie<\/span><\/p>\n\t\t\t\t\t\t\t\t<\/div>\n\t\t\t\t<\/div>\n\t\t\t\t\t<\/div>\n\t\t\t\t<\/div>\n\t\t<div class=\"elementor-element elementor-element-86643ae e-flex e-con-boxed e-con e-parent\" data-id=\"86643ae\" data-element_type=\"container\">\n\t\t\t\t\t<div class=\"e-con-inner\">\n\t\t\t\t<div class=\"elementor-element elementor-element-1c3c19d elementor-widget elementor-widget-spacer\" data-id=\"1c3c19d\" data-element_type=\"widget\" data-widget_type=\"spacer.default\">\n\t\t\t\t<div class=\"elementor-widget-container\">\n\t\t\t\t\t\t\t<div class=\"elementor-spacer\">\n\t\t\t<div class=\"elementor-spacer-inner\"><\/div>\n\t\t<\/div>\n\t\t\t\t\t\t<\/div>\n\t\t\t\t<\/div>\n\t\t\t\t\t<\/div>\n\t\t\t\t<\/div>\n\t\t\t\t<\/div>\n\t\t","protected":false},"excerpt":{"rendered":"<p>SAMON stellt Flemming Poulsen als Marketing &amp; Content Coordinator ein Flemming wird f\u00fcr unsere Website, Messen und Marketing im Allgemeinen verantwortlich sein. Er verf\u00fcgt \u00fcber einen umfangreichen Hintergrund in den Bereichen Marketing, Webentwicklung, PR und Social Media aus verschiedenen Branchen sowie als Journalist und Chefredakteur. Mit dieser Neueinstellung verst\u00e4rkt SAMON sein Marketing im Rahmen seiner [&hellip;]<\/p>\n","protected":false},"author":1,"featured_media":12075,"comment_status":"closed","ping_status":"closed","sticky":false,"template":"","format":"standard","meta":{"_monsterinsights_skip_tracking":false,"_monsterinsights_sitenote_active":false,"_monsterinsights_sitenote_note":"","_monsterinsights_sitenote_category":0,"footnotes":""},"categories":[288],"tags":[],"class_list":["post-12074","post","type-post","status-publish","format-standard","has-post-thumbnail","hentry","category-nachrichten"],"aioseo_notices":[],"_links":{"self":[{"href":"https:\/\/samon.com\/de\/wp-json\/wp\/v2\/posts\/12074","targetHints":{"allow":["GET"]}}],"collection":[{"href":"https:\/\/samon.com\/de\/wp-json\/wp\/v2\/posts"}],"about":[{"href":"https:\/\/samon.com\/de\/wp-json\/wp\/v2\/types\/post"}],"author":[{"embeddable":true,"href":"https:\/\/samon.com\/de\/wp-json\/wp\/v2\/users\/1"}],"replies":[{"embeddable":true,"href":"https:\/\/samon.com\/de\/wp-json\/wp\/v2\/comments?post=12074"}],"version-history":[{"count":1,"href":"https:\/\/samon.com\/de\/wp-json\/wp\/v2\/posts\/12074\/revisions"}],"predecessor-version":[{"id":12076,"href":"https:\/\/samon.com\/de\/wp-json\/wp\/v2\/posts\/12074\/revisions\/12076"}],"wp:featuredmedia":[{"embeddable":true,"href":"https:\/\/samon.com\/de\/wp-json\/wp\/v2\/media\/12075"}],"wp:attachment":[{"href":"https:\/\/samon.com\/de\/wp-json\/wp\/v2\/media?parent=12074"}],"wp:term":[{"taxonomy":"category","embeddable":true,"href":"https:\/\/samon.com\/de\/wp-json\/wp\/v2\/categories?post=12074"},{"taxonomy":"post_tag","embeddable":true,"href":"https:\/\/samon.com\/de\/wp-json\/wp\/v2\/tags?post=12074"}],"curies":[{"name":"wp","href":"https:\/\/api.w.org\/{rel}","templated":true}]}}