{"id":12047,"date":"2023-01-30T09:12:00","date_gmt":"2023-01-30T08:12:00","guid":{"rendered":"https:\/\/samon.com\/unkategorisiert\/samon-erweitert-das-serviceteam\/"},"modified":"2024-10-23T15:02:27","modified_gmt":"2024-10-23T13:02:27","slug":"samon-erweitert-das-serviceteam","status":"publish","type":"post","link":"https:\/\/samon.com\/de\/nachrichten\/samon-erweitert-das-serviceteam\/","title":{"rendered":"SAMON erweitert das Serviceteam"},"content":{"rendered":"\t\t<div data-elementor-type=\"wp-post\" data-elementor-id=\"12047\" class=\"elementor elementor-12047 elementor-5044\" data-elementor-post-type=\"post\">\n\t\t\t\t<div class=\"elementor-element elementor-element-ab95da1 e-flex e-con-boxed e-con e-parent\" data-id=\"ab95da1\" data-element_type=\"container\">\n\t\t\t\t\t<div class=\"e-con-inner\">\n\t\t\t\t<div class=\"elementor-element elementor-element-5064acd elementor-widget elementor-widget-image\" data-id=\"5064acd\" data-element_type=\"widget\" data-widget_type=\"image.default\">\n\t\t\t\t<div class=\"elementor-widget-container\">\n\t\t\t\t\t\t\t\t\t\t\t\t\t\t\t<img fetchpriority=\"high\" decoding=\"async\" width=\"1200\" height=\"888\" src=\"https:\/\/samon.com\/wp-content\/uploads\/2024\/05\/Fredric-Andre.jpeg\" class=\"attachment-full size-full wp-image-5045\" alt=\"Andre Lagesson and Fredric Deljerud\" srcset=\"https:\/\/samon.com\/wp-content\/uploads\/2024\/05\/Fredric-Andre.jpeg 1200w, https:\/\/samon.com\/wp-content\/uploads\/2024\/05\/Fredric-Andre-300x222.jpeg 300w, https:\/\/samon.com\/wp-content\/uploads\/2024\/05\/Fredric-Andre-1024x758.jpeg 1024w, https:\/\/samon.com\/wp-content\/uploads\/2024\/05\/Fredric-Andre-768x568.jpeg 768w\" sizes=\"(max-width: 1200px) 100vw, 1200px\" \/>\t\t\t\t\t\t\t\t\t\t\t\t\t\t\t<\/div>\n\t\t\t\t<\/div>\n\t\t\t\t\t<\/div>\n\t\t\t\t<\/div>\n\t\t<div class=\"elementor-element elementor-element-fe95ca6 e-flex e-con-boxed e-con e-parent\" data-id=\"fe95ca6\" data-element_type=\"container\">\n\t\t\t\t\t<div class=\"e-con-inner\">\n\t\t\t\t<div class=\"elementor-element elementor-element-436aa99 elementor-widget elementor-widget-heading\" data-id=\"436aa99\" data-element_type=\"widget\" data-widget_type=\"heading.default\">\n\t\t\t\t<div class=\"elementor-widget-container\">\n\t\t\t\t\t<h2 class=\"elementor-heading-title elementor-size-default\">SAMON erweitert das Serviceteam<\/h2>\t\t\t\t<\/div>\n\t\t\t\t<\/div>\n\t\t\t\t\t<\/div>\n\t\t\t\t<\/div>\n\t\t<div class=\"elementor-element elementor-element-35e7aba e-flex e-con-boxed e-con e-parent\" data-id=\"35e7aba\" data-element_type=\"container\">\n\t\t\t\t\t<div class=\"e-con-inner\">\n\t\t\t\t<div class=\"elementor-element elementor-element-b717b7a elementor-widget elementor-widget-text-editor\" data-id=\"b717b7a\" data-element_type=\"widget\" data-widget_type=\"text-editor.default\">\n\t\t\t\t<div class=\"elementor-widget-container\">\n\t\t\t\t\t\t\t\t\t<p>SAMON setzt seinen Wachstumskurs fort und verst\u00e4rkt nun das Serviceteam auf dem schwedischen Markt, indem wir <em>Fredric Deljerud<\/em> als Servicetechniker in unserem Team willkommen hei\u00dfen.<\/p>\n<p>Fredric wird dazu beitragen, unsere bestehenden und neuen Kunden zu unterst\u00fctzen. Fredric wohnt in Avesta, Dalarna, und wird ein wichtiger Aktivposten sein, da wir unseren Kunden unsere Dienstleistungen noch umfassender und schneller anbieten k\u00f6nnen. <\/p>\n<p>Andr\u00e9 Lagesson, SAMON Service &amp; Aftersales Direktor, sagt:<\/p>\n<p><em>Ich freue mich sehr, dass Fredric unser Team verst\u00e4rkt. Fredric verf\u00fcgt \u00fcber langj\u00e4hrige Erfahrung in der Branche und seine geografische Lage in Dalarna erm\u00f6glicht es uns, noch mehr Kunden zu unterst\u00fctzen, w\u00e4hrend wir unsere Position hier in Schweden weiter st\u00e4rken.<\/em><\/p>\n<p><em> <\/em><em>Herzlich willkommen in der SAMON-Familie!<\/em><\/p>\n\t\t\t\t\t\t\t\t<\/div>\n\t\t\t\t<\/div>\n\t\t\t\t\t<\/div>\n\t\t\t\t<\/div>\n\t\t<div class=\"elementor-element elementor-element-d7f5279 e-flex e-con-boxed e-con e-parent\" data-id=\"d7f5279\" data-element_type=\"container\">\n\t\t\t\t\t<div class=\"e-con-inner\">\n\t\t\t\t<div class=\"elementor-element elementor-element-cfc83a8 elementor-widget elementor-widget-spacer\" data-id=\"cfc83a8\" data-element_type=\"widget\" data-widget_type=\"spacer.default\">\n\t\t\t\t<div class=\"elementor-widget-container\">\n\t\t\t\t\t\t\t<div class=\"elementor-spacer\">\n\t\t\t<div class=\"elementor-spacer-inner\"><\/div>\n\t\t<\/div>\n\t\t\t\t\t\t<\/div>\n\t\t\t\t<\/div>\n\t\t\t\t\t<\/div>\n\t\t\t\t<\/div>\n\t\t\t\t<\/div>\n\t\t","protected":false},"excerpt":{"rendered":"<p>SAMON erweitert das Serviceteam SAMON setzt seinen Wachstumskurs fort und verst\u00e4rkt nun das Serviceteam auf dem schwedischen Markt, indem wir Fredric Deljerud als Servicetechniker in unserem Team willkommen hei\u00dfen. Fredric wird dazu beitragen, unsere bestehenden und neuen Kunden zu unterst\u00fctzen. Fredric wohnt in Avesta, Dalarna, und wird ein wichtiger Aktivposten sein, da wir unseren Kunden [&hellip;]<\/p>\n","protected":false},"author":1,"featured_media":12049,"comment_status":"closed","ping_status":"closed","sticky":false,"template":"","format":"standard","meta":{"_monsterinsights_skip_tracking":false,"_monsterinsights_sitenote_active":false,"_monsterinsights_sitenote_note":"","_monsterinsights_sitenote_category":0,"footnotes":""},"categories":[288],"tags":[],"class_list":["post-12047","post","type-post","status-publish","format-standard","has-post-thumbnail","hentry","category-nachrichten"],"aioseo_notices":[],"_links":{"self":[{"href":"https:\/\/samon.com\/de\/wp-json\/wp\/v2\/posts\/12047","targetHints":{"allow":["GET"]}}],"collection":[{"href":"https:\/\/samon.com\/de\/wp-json\/wp\/v2\/posts"}],"about":[{"href":"https:\/\/samon.com\/de\/wp-json\/wp\/v2\/types\/post"}],"author":[{"embeddable":true,"href":"https:\/\/samon.com\/de\/wp-json\/wp\/v2\/users\/1"}],"replies":[{"embeddable":true,"href":"https:\/\/samon.com\/de\/wp-json\/wp\/v2\/comments?post=12047"}],"version-history":[{"count":1,"href":"https:\/\/samon.com\/de\/wp-json\/wp\/v2\/posts\/12047\/revisions"}],"predecessor-version":[{"id":12051,"href":"https:\/\/samon.com\/de\/wp-json\/wp\/v2\/posts\/12047\/revisions\/12051"}],"wp:featuredmedia":[{"embeddable":true,"href":"https:\/\/samon.com\/de\/wp-json\/wp\/v2\/media\/12049"}],"wp:attachment":[{"href":"https:\/\/samon.com\/de\/wp-json\/wp\/v2\/media?parent=12047"}],"wp:term":[{"taxonomy":"category","embeddable":true,"href":"https:\/\/samon.com\/de\/wp-json\/wp\/v2\/categories?post=12047"},{"taxonomy":"post_tag","embeddable":true,"href":"https:\/\/samon.com\/de\/wp-json\/wp\/v2\/tags?post=12047"}],"curies":[{"name":"wp","href":"https:\/\/api.w.org\/{rel}","templated":true}]}}